{"id":12524,"date":"2019-05-27T11:36:26","date_gmt":"2019-05-27T16:36:26","guid":{"rendered":"https:\/\/fanbolerosec.com\/wp\/?p=12524"},"modified":"2020-08-23T01:11:04","modified_gmt":"2020-08-23T06:11:04","slug":"baja-importante-para-la-copa-america-el-angel-del-gol-salio-lesionado-en-la-final-de-la-copa-mexico","status":"publish","type":"post","link":"https:\/\/fanbolerosec.com\/wp\/baja-importante-para-la-copa-america-el-angel-del-gol-salio-lesionado-en-la-final-de-la-copa-mexico\/","title":{"rendered":"\u00bfBAJA IMPORTANTE PARA LA COPA AM\u00c9RICA? EL \u00c1NGEL DEL GOL SALI\u00d3 LESIONADO EN LA FINAL DE LA COPA M\u00c9XICO"},"content":{"rendered":"\n<p>El delantero ecuatoriano \u00c1ngel Mena m\u00e1ximo goleador y asistidor del torneo mexicano sali\u00f3 lesionado en la final entre el Le\u00f3n y Tigres, nuestro compatriota entre l\u00e1grimas abandono el campo de juego al minuto 33\u2019 tras un choque en la mitad del primer tiempo sinti\u00f3 una molestia en la rodilla izquierda, Jean Meneses ingres\u00f3 en su lugar, aparte de perder el duelo ante su compatriota Enner Valencia y la final. La lesi\u00f3n podr\u00eda dejarlo fuera de la pr\u00f3xima Copa Am\u00e9rica de Brasil ya que est\u00e1 en la nomina de los 23 convocados por Hern\u00e1n Dar\u00edo G\u00f3mez.<\/p>\n\n\n\n<figure class=\"wp-block-embed-youtube wp-block-embed is-type-video is-provider-youtube wp-embed-aspect-16-9 wp-has-aspect-ratio\"><div class=\"wp-block-embed__wrapper\">\n<iframe width=\"800\" height=\"450\" src=\"https:\/\/www.youtube.com\/embed\/Q-pxgBPYYtw?feature=oembed\" frameborder=\"0\" allow=\"accelerometer; autoplay; encrypted-media; gyroscope; picture-in-picture\" allowfullscreen><\/iframe>\n<\/div><figcaption>\u00c1ngel Mena se podr\u00eda perder la Copa Am\u00e9rica de Brasil.<\/figcaption><\/figure>\n\n\n\n<p><a href=\"https:\/\/www.youtube.com\/channel\/UCLzCiaYIyCZ-HMzHRkpBR3g\">Se\u00f1orGolHD<\/a><br><\/p>\n","protected":false},"excerpt":{"rendered":"<p>El delantero ecuatoriano \u00c1ngel Mena m\u00e1ximo goleador y asistidor del torneo mexicano sali\u00f3 lesionado en la final entre el Le\u00f3n y Tigres, nuestro compatriota entre l\u00e1grimas abandono el campo de&hellip;<\/p>\n<p> <a class=\"more-link\" href=\"https:\/\/fanbolerosec.com\/wp\/baja-importante-para-la-copa-america-el-angel-del-gol-salio-lesionado-en-la-final-de-la-copa-mexico\/\">Leer m\u00e1s<\/a><\/p>\n","protected":false},"author":4,"featured_media":12525,"comment_status":"closed","ping_status":"closed","sticky":false,"template":"","format":"standard","meta":{"footnotes":""},"categories":[1],"tags":[],"class_list":{"0":"post-12524","1":"post","2":"type-post","3":"status-publish","4":"format-standard","5":"has-post-thumbnail","7":"category-uncategorized"},"rttpg_featured_image_url":{"full":["https:\/\/fanbolerosec.com\/wp\/wp-content\/uploads\/2019\/05\/ANGELITO20199.jpg",1131,1357,false],"landscape":["https:\/\/fanbolerosec.com\/wp\/wp-content\/uploads\/2019\/05\/ANGELITO20199.jpg",1131,1357,false],"portraits":["https:\/\/fanbolerosec.com\/wp\/wp-content\/uploads\/2019\/05\/ANGELITO20199.jpg",1131,1357,false],"thumbnail":["https:\/\/fanbolerosec.com\/wp\/wp-content\/uploads\/2019\/05\/ANGELITO20199-150x150.jpg",150,150,true],"medium":["https:\/\/fanbolerosec.com\/wp\/wp-content\/uploads\/2019\/05\/ANGELITO20199-250x300.jpg",250,300,true],"large":["https:\/\/fanbolerosec.com\/wp\/wp-content\/uploads\/2019\/05\/ANGELITO20199-853x1024.jpg",800,960,true],"1536x1536":["https:\/\/fanbolerosec.com\/wp\/wp-content\/uploads\/2019\/05\/ANGELITO20199.jpg",1131,1357,false],"2048x2048":["https:\/\/fanbolerosec.com\/wp\/wp-content\/uploads\/2019\/05\/ANGELITO20199.jpg",1131,1357,false],"a13_navigation_image_size":["https:\/\/fanbolerosec.com\/wp\/wp-content\/uploads\/2019\/05\/ANGELITO20199.jpg",83,100,false],"profile_24":["https:\/\/fanbolerosec.com\/wp\/wp-content\/uploads\/2019\/05\/ANGELITO20199.jpg",20,24,false],"profile_48":["https:\/\/fanbolerosec.com\/wp\/wp-content\/uploads\/2019\/05\/ANGELITO20199.jpg",40,48,false],"profile_96":["https:\/\/fanbolerosec.com\/wp\/wp-content\/uploads\/2019\/05\/ANGELITO20199.jpg",80,96,false],"profile_150":["https:\/\/fanbolerosec.com\/wp\/wp-content\/uploads\/2019\/05\/ANGELITO20199.jpg",125,150,false],"profile_300":["https:\/\/fanbolerosec.com\/wp\/wp-content\/uploads\/2019\/05\/ANGELITO20199.jpg",250,300,false]},"rttpg_author":{"display_name":"ESTEBAN PUENTE","author_link":"https:\/\/fanbolerosec.com\/wp\/author\/fanboleros\/"},"rttpg_comment":0,"rttpg_category":"<a href=\"https:\/\/fanbolerosec.com\/wp\/category\/uncategorized\/\" rel=\"category tag\">General<\/a>","rttpg_excerpt":"El delantero ecuatoriano \u00c1ngel Mena m\u00e1ximo goleador y asistidor del torneo mexicano sali\u00f3 lesionado en la final entre el Le\u00f3n y Tigres, nuestro compatriota entre l\u00e1grimas abandono el campo de&hellip; Leer m\u00e1s","_links":{"self":[{"href":"https:\/\/fanbolerosec.com\/wp\/wp-json\/wp\/v2\/posts\/12524","targetHints":{"allow":["GET"]}}],"collection":[{"href":"https:\/\/fanbolerosec.com\/wp\/wp-json\/wp\/v2\/posts"}],"about":[{"href":"https:\/\/fanbolerosec.com\/wp\/wp-json\/wp\/v2\/types\/post"}],"author":[{"embeddable":true,"href":"https:\/\/fanbolerosec.com\/wp\/wp-json\/wp\/v2\/users\/4"}],"replies":[{"embeddable":true,"href":"https:\/\/fanbolerosec.com\/wp\/wp-json\/wp\/v2\/comments?post=12524"}],"version-history":[{"count":0,"href":"https:\/\/fanbolerosec.com\/wp\/wp-json\/wp\/v2\/posts\/12524\/revisions"}],"wp:featuredmedia":[{"embeddable":true,"href":"https:\/\/fanbolerosec.com\/wp\/wp-json\/wp\/v2\/media\/12525"}],"wp:attachment":[{"href":"https:\/\/fanbolerosec.com\/wp\/wp-json\/wp\/v2\/media?parent=12524"}],"wp:term":[{"taxonomy":"category","embeddable":true,"href":"https:\/\/fanbolerosec.com\/wp\/wp-json\/wp\/v2\/categories?post=12524"},{"taxonomy":"post_tag","embeddable":true,"href":"https:\/\/fanbolerosec.com\/wp\/wp-json\/wp\/v2\/tags?post=12524"}],"curies":[{"name":"wp","href":"https:\/\/api.w.org\/{rel}","templated":true}]}}