{"id":12622,"date":"2019-06-05T03:00:02","date_gmt":"2019-06-05T08:00:02","guid":{"rendered":"https:\/\/fanbolerosec.com\/wp\/?p=12622"},"modified":"2020-09-15T11:27:28","modified_gmt":"2020-09-15T16:27:28","slug":"el-chaval-manuel-balda-llego-al-atlas-de-mexico","status":"publish","type":"post","link":"https:\/\/fanbolerosec.com\/wp\/el-chaval-manuel-balda-llego-al-atlas-de-mexico\/","title":{"rendered":"El \u2018chaval\u2019 Manuel Balda lleg\u00f3 al Atlas de M\u00e9xico"},"content":{"rendered":"\n<p><strong>El delantero ecuatoriano<\/strong>\nde 27 a\u00f1os ya se encuentra en tierras <strong>\u201caztecas\u201d<\/strong>, espec\u00edficamente en la\nciudad Guadalajara. El martes 4 de junio del 2019 firmo el contrato con su\nnuevo club, Atlas, por tres a\u00f1os, empezar\u00e1 la pretemporada con el conjunto\nmexicano el segundo semestre del a\u00f1o.<\/p>\n\n\n\n<p>El portovejense <strong>mencion\u00f3<\/strong>\n\u00abUna vez que me coment\u00f3 la idea mi agente Gonzalo \u2018el Chalo\u2019 Vargas y me\nexplic\u00f3 muy bien lo que significa mi instituci\u00f3n y me convenci\u00f3, es un gran\nequipo que siempre est\u00e1 peleando por grandes cosas\u00bb.<\/p>\n\n\n\n<p>Los <strong>\u201cRojinegros\u201d<\/strong> del Atlas observaron grandes cualidades y condiciones   en el <strong>tricolor<\/strong> que es un volante con llegada al \u00e1rea rival y de gran asistencia  dando siempre el ultimo pase de gol, comienza una nueva etapa.<\/p>\n\n\n\n<p> Esperemos que nuestro compatriota y ex-jugador <strong>del Nacional de Ecuador<\/strong> triunfe en el f\u00fatbol mexicano. <\/p>\n","protected":false},"excerpt":{"rendered":"<p>El delantero ecuatoriano de 27 a\u00f1os ya se encuentra en tierras \u201caztecas\u201d, espec\u00edficamente en la ciudad Guadalajara. El martes 4 de junio del 2019 firmo el contrato con su nuevo&hellip;<\/p>\n<p> <a class=\"more-link\" href=\"https:\/\/fanbolerosec.com\/wp\/el-chaval-manuel-balda-llego-al-atlas-de-mexico\/\">Leer m\u00e1s<\/a><\/p>\n","protected":false},"author":4,"featured_media":12623,"comment_status":"closed","ping_status":"closed","sticky":false,"template":"","format":"standard","meta":{"footnotes":""},"categories":[1],"tags":[],"class_list":{"0":"post-12622","1":"post","2":"type-post","3":"status-publish","4":"format-standard","5":"has-post-thumbnail","7":"category-uncategorized"},"rttpg_featured_image_url":{"full":["https:\/\/fanbolerosec.com\/wp\/wp-content\/uploads\/2019\/06\/Manu-balda.jpg",1727,1664,false],"landscape":["https:\/\/fanbolerosec.com\/wp\/wp-content\/uploads\/2019\/06\/Manu-balda.jpg",1727,1664,false],"portraits":["https:\/\/fanbolerosec.com\/wp\/wp-content\/uploads\/2019\/06\/Manu-balda.jpg",1727,1664,false],"thumbnail":["https:\/\/fanbolerosec.com\/wp\/wp-content\/uploads\/2019\/06\/Manu-balda-150x150.jpg",150,150,true],"medium":["https:\/\/fanbolerosec.com\/wp\/wp-content\/uploads\/2019\/06\/Manu-balda-300x289.jpg",300,289,true],"large":["https:\/\/fanbolerosec.com\/wp\/wp-content\/uploads\/2019\/06\/Manu-balda-1024x987.jpg",800,771,true],"1536x1536":["https:\/\/fanbolerosec.com\/wp\/wp-content\/uploads\/2019\/06\/Manu-balda.jpg",1536,1480,false],"2048x2048":["https:\/\/fanbolerosec.com\/wp\/wp-content\/uploads\/2019\/06\/Manu-balda.jpg",1727,1664,false],"a13_navigation_image_size":["https:\/\/fanbolerosec.com\/wp\/wp-content\/uploads\/2019\/06\/Manu-balda.jpg",104,100,false],"profile_24":["https:\/\/fanbolerosec.com\/wp\/wp-content\/uploads\/2019\/06\/Manu-balda.jpg",24,24,false],"profile_48":["https:\/\/fanbolerosec.com\/wp\/wp-content\/uploads\/2019\/06\/Manu-balda.jpg",48,46,false],"profile_96":["https:\/\/fanbolerosec.com\/wp\/wp-content\/uploads\/2019\/06\/Manu-balda.jpg",96,92,false],"profile_150":["https:\/\/fanbolerosec.com\/wp\/wp-content\/uploads\/2019\/06\/Manu-balda.jpg",150,145,false],"profile_300":["https:\/\/fanbolerosec.com\/wp\/wp-content\/uploads\/2019\/06\/Manu-balda.jpg",300,289,false]},"rttpg_author":{"display_name":"ESTEBAN PUENTE","author_link":"https:\/\/fanbolerosec.com\/wp\/author\/fanboleros\/"},"rttpg_comment":0,"rttpg_category":"<a href=\"https:\/\/fanbolerosec.com\/wp\/category\/uncategorized\/\" rel=\"category tag\">General<\/a>","rttpg_excerpt":"El delantero ecuatoriano de 27 a\u00f1os ya se encuentra en tierras \u201caztecas\u201d, espec\u00edficamente en la ciudad Guadalajara. El martes 4 de junio del 2019 firmo el contrato con su nuevo&hellip; Leer m\u00e1s","_links":{"self":[{"href":"https:\/\/fanbolerosec.com\/wp\/wp-json\/wp\/v2\/posts\/12622","targetHints":{"allow":["GET"]}}],"collection":[{"href":"https:\/\/fanbolerosec.com\/wp\/wp-json\/wp\/v2\/posts"}],"about":[{"href":"https:\/\/fanbolerosec.com\/wp\/wp-json\/wp\/v2\/types\/post"}],"author":[{"embeddable":true,"href":"https:\/\/fanbolerosec.com\/wp\/wp-json\/wp\/v2\/users\/4"}],"replies":[{"embeddable":true,"href":"https:\/\/fanbolerosec.com\/wp\/wp-json\/wp\/v2\/comments?post=12622"}],"version-history":[{"count":0,"href":"https:\/\/fanbolerosec.com\/wp\/wp-json\/wp\/v2\/posts\/12622\/revisions"}],"wp:featuredmedia":[{"embeddable":true,"href":"https:\/\/fanbolerosec.com\/wp\/wp-json\/wp\/v2\/media\/12623"}],"wp:attachment":[{"href":"https:\/\/fanbolerosec.com\/wp\/wp-json\/wp\/v2\/media?parent=12622"}],"wp:term":[{"taxonomy":"category","embeddable":true,"href":"https:\/\/fanbolerosec.com\/wp\/wp-json\/wp\/v2\/categories?post=12622"},{"taxonomy":"post_tag","embeddable":true,"href":"https:\/\/fanbolerosec.com\/wp\/wp-json\/wp\/v2\/tags?post=12622"}],"curies":[{"name":"wp","href":"https:\/\/api.w.org\/{rel}","templated":true}]}}