{"id":17917,"date":"2020-06-27T18:49:48","date_gmt":"2020-06-27T23:49:48","guid":{"rendered":"https:\/\/fanbolerosec.com\/wp\/?p=17917"},"modified":"2020-06-27T18:53:26","modified_gmt":"2020-06-27T23:53:26","slug":"fallecio-juan-cavero-autor-de-la-cancion-de-emelec","status":"publish","type":"post","link":"https:\/\/fanbolerosec.com\/wp\/fallecio-juan-cavero-autor-de-la-cancion-de-emelec\/","title":{"rendered":"Falleci\u00f3 Juan Cavero, autor de \u2018La Canci\u00f3n de Emelec\u2019"},"content":{"rendered":"\n<p>Juan Cavero, autor de varias canciones para Emelec y Barcelona, falleci\u00f3 a sus 86 a\u00f1os este s\u00e1bado a causa de complicaciones de una diabetes e hipertensi\u00f3n en la ciudad de Guayaquil.<\/p>\n\n\n\n<p>Su obra musical m\u00e1s emblem\u00e1tica fue \u2018La Canci\u00f3n de Emelec\u2019, canci\u00f3n que compuso en la d\u00e9cada de los 60, como tributo al campeonato nacional del a\u00f1o 1965 y el de Asoguayas en 1966.<\/p>\n\n\n\n<p>\u00abBallet Azul, se\u00f1ores, este a\u00f1o se pas\u00f3, y del pueblo ecuatoriano es el cuadro sensaci\u00f3n; sin estrellas ni vedetes, siempre luchando con fe, as\u00ed gana los partidos el equipo de Emelec. Y ya lo ve, y ya lo ve, es el equipo de Emelec\u00bb, dice la canci\u00f3n que se ha convertido en himno para la hinchada azul.<\/p>\n\n\n\n<p>El coro fue inspirado de la barra de Racing de Avellaneda,  ya que ellos fueron los creadores de la ic\u00f3nica frase: \u00aby ya o ve, y ya lo ve, es el equipo de Jos\u00e9\u00bb, haciendo referencia al entrenador Juan Jos\u00e9 Pizutti, que terminar\u00eda ganando un t\u00edtulo de Primera Divisi\u00f3n de Argentina en 1966, y despu\u00e9s  la Copa Libertadores y la Intercontinental en el a\u00f1o siguiente.<\/p>\n\n\n\n<p>Cavero tambi\u00e9n compuso una canci\u00f3n para Barcelona SC, m\u00e1ximo rival del conjunto el\u00e9ctrico, llamada \u2018Camisetas Amarillas\u2019.<\/p>\n\n\n\n<figure class=\"wp-block-embed-twitter wp-block-embed is-type-rich is-provider-twitter\"><div class=\"wp-block-embed__wrapper\">\n<blockquote class=\"twitter-tweet\" data-width=\"550\" data-dnt=\"true\"><p lang=\"es\" dir=\"ltr\">Juan Cavero compuso e interpret\u00f3 &quot;La canci\u00f3n del Emelec&quot; en 1966, para conmemorar el t\u00edtulo nacional obtenido el a\u00f1o anterior. Paz en su tumba \ud83d\ude4f\ud83c\udffb<br><br>\u25b6\ufe0f <a href=\"https:\/\/t.co\/KkjvarMDnI\">https:\/\/t.co\/KkjvarMDnI<\/a><\/p>&mdash; Club Sport Emelec (@CSEmelec) <a href=\"https:\/\/twitter.com\/CSEmelec\/status\/1276967635448627200?ref_src=twsrc%5Etfw\">June 27, 2020<\/a><\/blockquote><script async src=\"https:\/\/platform.twitter.com\/widgets.js\" charset=\"utf-8\"><\/script>\n<\/div><\/figure>\n\n\n\n<p><strong>Por: Sebasti\u00e1n D\u00e1valos A.<\/strong><\/p>\n","protected":false},"excerpt":{"rendered":"<p>Juan Cavero, autor de varias canciones para Emelec y Barcelona, falleci\u00f3 a sus 86 a\u00f1os este s\u00e1bado a causa de complicaciones de una diabetes e hipertensi\u00f3n en la ciudad de&hellip;<\/p>\n<p> <a class=\"more-link\" href=\"https:\/\/fanbolerosec.com\/wp\/fallecio-juan-cavero-autor-de-la-cancion-de-emelec\/\">Leer m\u00e1s<\/a><\/p>\n","protected":false},"author":2,"featured_media":17922,"comment_status":"closed","ping_status":"closed","sticky":false,"template":"","format":"standard","meta":{"footnotes":""},"categories":[1],"tags":[],"class_list":{"0":"post-17917","1":"post","2":"type-post","3":"status-publish","4":"format-standard","5":"has-post-thumbnail","7":"category-uncategorized"},"rttpg_featured_image_url":{"full":["https:\/\/fanbolerosec.com\/wp\/wp-content\/uploads\/2020\/06\/6A44DD69-28AC-4A98-91F7-2D1F41B1A80C.jpeg",663,409,false],"landscape":["https:\/\/fanbolerosec.com\/wp\/wp-content\/uploads\/2020\/06\/6A44DD69-28AC-4A98-91F7-2D1F41B1A80C.jpeg",663,409,false],"portraits":["https:\/\/fanbolerosec.com\/wp\/wp-content\/uploads\/2020\/06\/6A44DD69-28AC-4A98-91F7-2D1F41B1A80C.jpeg",663,409,false],"thumbnail":["https:\/\/fanbolerosec.com\/wp\/wp-content\/uploads\/2020\/06\/6A44DD69-28AC-4A98-91F7-2D1F41B1A80C-150x150.jpeg",150,150,true],"medium":["https:\/\/fanbolerosec.com\/wp\/wp-content\/uploads\/2020\/06\/6A44DD69-28AC-4A98-91F7-2D1F41B1A80C-300x185.jpeg",300,185,true],"large":["https:\/\/fanbolerosec.com\/wp\/wp-content\/uploads\/2020\/06\/6A44DD69-28AC-4A98-91F7-2D1F41B1A80C.jpeg",663,409,false],"1536x1536":["https:\/\/fanbolerosec.com\/wp\/wp-content\/uploads\/2020\/06\/6A44DD69-28AC-4A98-91F7-2D1F41B1A80C.jpeg",663,409,false],"2048x2048":["https:\/\/fanbolerosec.com\/wp\/wp-content\/uploads\/2020\/06\/6A44DD69-28AC-4A98-91F7-2D1F41B1A80C.jpeg",663,409,false],"a13_navigation_image_size":["https:\/\/fanbolerosec.com\/wp\/wp-content\/uploads\/2020\/06\/6A44DD69-28AC-4A98-91F7-2D1F41B1A80C.jpeg",162,100,false],"profile_24":["https:\/\/fanbolerosec.com\/wp\/wp-content\/uploads\/2020\/06\/6A44DD69-28AC-4A98-91F7-2D1F41B1A80C.jpeg",24,15,false],"profile_48":["https:\/\/fanbolerosec.com\/wp\/wp-content\/uploads\/2020\/06\/6A44DD69-28AC-4A98-91F7-2D1F41B1A80C.jpeg",48,30,false],"profile_96":["https:\/\/fanbolerosec.com\/wp\/wp-content\/uploads\/2020\/06\/6A44DD69-28AC-4A98-91F7-2D1F41B1A80C.jpeg",96,59,false],"profile_150":["https:\/\/fanbolerosec.com\/wp\/wp-content\/uploads\/2020\/06\/6A44DD69-28AC-4A98-91F7-2D1F41B1A80C.jpeg",150,93,false],"profile_300":["https:\/\/fanbolerosec.com\/wp\/wp-content\/uploads\/2020\/06\/6A44DD69-28AC-4A98-91F7-2D1F41B1A80C.jpeg",300,185,false]},"rttpg_author":{"display_name":"Predeterminado del sitio","author_link":"https:\/\/fanbolerosec.com\/wp\/author\/fanboticias\/"},"rttpg_comment":0,"rttpg_category":"<a href=\"https:\/\/fanbolerosec.com\/wp\/category\/uncategorized\/\" rel=\"category tag\">General<\/a>","rttpg_excerpt":"Juan Cavero, autor de varias canciones para Emelec y Barcelona, falleci\u00f3 a sus 86 a\u00f1os este s\u00e1bado a causa de complicaciones de una diabetes e hipertensi\u00f3n en la ciudad de&hellip; Leer m\u00e1s","_links":{"self":[{"href":"https:\/\/fanbolerosec.com\/wp\/wp-json\/wp\/v2\/posts\/17917","targetHints":{"allow":["GET"]}}],"collection":[{"href":"https:\/\/fanbolerosec.com\/wp\/wp-json\/wp\/v2\/posts"}],"about":[{"href":"https:\/\/fanbolerosec.com\/wp\/wp-json\/wp\/v2\/types\/post"}],"author":[{"embeddable":true,"href":"https:\/\/fanbolerosec.com\/wp\/wp-json\/wp\/v2\/users\/2"}],"replies":[{"embeddable":true,"href":"https:\/\/fanbolerosec.com\/wp\/wp-json\/wp\/v2\/comments?post=17917"}],"version-history":[{"count":0,"href":"https:\/\/fanbolerosec.com\/wp\/wp-json\/wp\/v2\/posts\/17917\/revisions"}],"wp:featuredmedia":[{"embeddable":true,"href":"https:\/\/fanbolerosec.com\/wp\/wp-json\/wp\/v2\/media\/17922"}],"wp:attachment":[{"href":"https:\/\/fanbolerosec.com\/wp\/wp-json\/wp\/v2\/media?parent=17917"}],"wp:term":[{"taxonomy":"category","embeddable":true,"href":"https:\/\/fanbolerosec.com\/wp\/wp-json\/wp\/v2\/categories?post=17917"},{"taxonomy":"post_tag","embeddable":true,"href":"https:\/\/fanbolerosec.com\/wp\/wp-json\/wp\/v2\/tags?post=17917"}],"curies":[{"name":"wp","href":"https:\/\/api.w.org\/{rel}","templated":true}]}}