{"id":26398,"date":"2021-01-28T15:39:41","date_gmt":"2021-01-28T20:39:41","guid":{"rendered":"https:\/\/fanbolerosec.com\/wp\/?p=26398"},"modified":"2021-01-28T15:39:42","modified_gmt":"2021-01-28T20:39:42","slug":"angelo-preciado-quiero-mas-adelante-dar-el-paso-a-la-premier","status":"publish","type":"post","link":"https:\/\/fanbolerosec.com\/wp\/angelo-preciado-quiero-mas-adelante-dar-el-paso-a-la-premier\/","title":{"rendered":"Angelo Preciado: \u00abQuiero m\u00e1s adelante dar el paso a la Premier\u00bb"},"content":{"rendered":"\n<p>Angelo Preciado, lateral derecho ecuatoriano que juega en el <strong>Genk de B\u00e9lgica<\/strong>, convers\u00f3 en <em>Radio Huancavilca <\/em>sobre su llegada al f\u00fatbol europeo, sus objetivos a futuro, y el buen rendimiento que tuvo en <strong>Independiente Del Valle <\/strong>que lo catapult\u00f3 a la <strong>Selecci\u00f3n Nacional.<\/strong><\/p>\n\n\n\n<p><strong>\u00abCreo que tom\u00e9 la mejor decisi\u00f3n y estoy en el lugar indicado. El Genk tiene un proyecto similar a lo que es IDV, por eso me gust\u00f3, me encant\u00f3\u00bb<\/strong>, dijo el futbolista de 22 a\u00f1os.<\/p>\n\n\n\n<p><strong>Sobre la adaptaci\u00f3n a otro pa\u00eds y otro idioma, coment\u00f3:<\/strong> \u00abLa verdad no me ha pasado factura hasta ahora, en si el horario. pero ya lo sab\u00eda, la comida uno trata de hacerla siempre diferente, igual a lo que es en Sudam\u00e9rica. Siempre he jugado campeonatos internacionales con IDV y la selecci\u00f3n, pero otros compa\u00f1eros tienen 2 o 3 a\u00f1os y saben un poco m\u00e1s, tratan de ayudarme. Tambi\u00e9n tengo 2 o 3 profesores que me ayudan con el idioma\u00bb.<\/p>\n\n\n\n<p>Sobre su objetivo principal, reconoci\u00f3 que para m\u00e1s adelante <strong>quiere dar el paso a la Premier League de Inglaterra.<\/strong><\/p>\n\n\n\n<p><strong>\u00abEn realidad la decisi\u00f3n siempre la toma el jugador, para m\u00ed B\u00e9lgica es una liga grande y reconocida. Aporta a muchas ligas, es una de las bases en algunas ligas importantes. Quiero m\u00e1s adelante dar el paso a la Premier (Liga de Inglaterra)\u00bb<\/strong>, agreg\u00f3.<\/p>\n\n\n\n<p><strong>Sobre su etapa en IDV, cont\u00f3: <\/strong>\u00abCreo que ya cuando me toc\u00f3 jugar el f\u00fatbol profesional con IDV, me tomaron para jugar en muchas posiciones y tuve la oportunidad de estar en la selecci\u00f3n y ser campe\u00f3n con IDV. Siempre me he planteado metas en mi vida desde las inferiores y yo sab\u00eda que no todos tendr\u00edamos la misma oportunidad, pero gracias a Dios todo se me ha dado. Estoy muy agradecido por las oportunidades, ya que en el 2018 ten\u00eda opciones para salir pero sab\u00eda que a\u00fan no estaba preparado. A mis inicios en IDV, el profe Juan Carlos Le\u00f3n fue una de las personas m\u00e1s importantes para mi. Me ha servido mucho, porque \u00e9l fue lateral. Luego me brindaron m\u00e1s oportunidades con el Profesor Ismael Rescalvo y despu\u00e9s que vino Ram\u00edrez, me afianc\u00e9 en el puesto\u00bb.<\/p>\n\n\n\n<p><strong>Finalmente, se refiri\u00f3 a la Selecci\u00f3n Ecuatoriana y su entrenador,<\/strong> <strong>Gustavo Alfaro:<\/strong> \u00abEl profe es una persona, la cual siempre nos apoya. Somos un grupo de j\u00f3venes que queremos hacer historia, queremos lograr grandes cosas. Con su experiencia, nos ha ayudado mucho, pero todo sacrificio tiene su recompensa. Dir\u00eda que no todo est\u00e1 dicho, en el partido contra Uruguay y Colombia, se vieron muchos jugadores j\u00f3venes, eso me mantiene bien y varios jugadores entran al cambio, siempre son tomados en cuenta\u00bb.<\/p>\n\n\n\n<figure class=\"wp-block-embed is-type-rich is-provider-twitter wp-block-embed-twitter\"><div class=\"wp-block-embed__wrapper\">\n<blockquote class=\"twitter-tweet\" data-width=\"550\" data-dnt=\"true\"><p lang=\"es\" dir=\"ltr\">EN VIVO \ud83d\udd34\ud83d\udd34<a href=\"https:\/\/twitter.com\/hashtag\/EXCLUSIVO?src=hash&amp;ref_src=twsrc%5Etfw\">#EXCLUSIVO<\/a> <a href=\"https:\/\/twitter.com\/hashtag\/AngeloPreciado?src=hash&amp;ref_src=twsrc%5Etfw\">#AngeloPreciado<\/a> \ud83c\uddea\ud83c\udde8 en <a href=\"https:\/\/twitter.com\/RadioHuancavilk?ref_src=twsrc%5Etfw\">@RadioHuancavilk<\/a>: <br><br>\ud83d\udea8 SU SUE\u00d1O ES LLEGAR A LA PREMIER<br><br>\ud83c\udf99\u201dQuiero m\u00e1s adelante dar el paso a una Premier, m\u00e1s adelante\u201d<br><br>M\u00edralo \ud83d\udc49 <a href=\"https:\/\/t.co\/nAAvTHQ3pd\">https:\/\/t.co\/nAAvTHQ3pd<\/a> <a href=\"https:\/\/t.co\/ImeKKlNtz3\">pic.twitter.com\/ImeKKlNtz3<\/a><\/p>&mdash; Radio Huancavilca 830AM (@RadioHuancavilk) <a href=\"https:\/\/twitter.com\/RadioHuancavilk\/status\/1354810914457886727?ref_src=twsrc%5Etfw\">January 28, 2021<\/a><\/blockquote><script async src=\"https:\/\/platform.twitter.com\/widgets.js\" charset=\"utf-8\"><\/script>\n<\/div><\/figure>\n\n\n\n<p><strong>Por: Sebasti\u00e1n D\u00e1valos A.<\/strong><\/p>\n","protected":false},"excerpt":{"rendered":"<p>Angelo Preciado, lateral derecho ecuatoriano que juega en el Genk de B\u00e9lgica, convers\u00f3 en Radio Huancavilca sobre su llegada al f\u00fatbol europeo, sus objetivos a futuro, y el buen rendimiento&hellip;<\/p>\n<p> <a class=\"more-link\" href=\"https:\/\/fanbolerosec.com\/wp\/angelo-preciado-quiero-mas-adelante-dar-el-paso-a-la-premier\/\">Leer m\u00e1s<\/a><\/p>\n","protected":false},"author":5,"featured_media":26399,"comment_status":"closed","ping_status":"closed","sticky":false,"template":"","format":"standard","meta":{"footnotes":""},"categories":[1],"tags":[],"class_list":{"0":"post-26398","1":"post","2":"type-post","3":"status-publish","4":"format-standard","5":"has-post-thumbnail","7":"category-uncategorized"},"rttpg_featured_image_url":{"full":["https:\/\/fanbolerosec.com\/wp\/wp-content\/uploads\/2021\/01\/5D76360C-9C2F-4AEE-AE83-32A26CFB38B9.jpeg",750,748,false],"landscape":["https:\/\/fanbolerosec.com\/wp\/wp-content\/uploads\/2021\/01\/5D76360C-9C2F-4AEE-AE83-32A26CFB38B9.jpeg",750,748,false],"portraits":["https:\/\/fanbolerosec.com\/wp\/wp-content\/uploads\/2021\/01\/5D76360C-9C2F-4AEE-AE83-32A26CFB38B9.jpeg",750,748,false],"thumbnail":["https:\/\/fanbolerosec.com\/wp\/wp-content\/uploads\/2021\/01\/5D76360C-9C2F-4AEE-AE83-32A26CFB38B9-150x150.jpeg",150,150,true],"medium":["https:\/\/fanbolerosec.com\/wp\/wp-content\/uploads\/2021\/01\/5D76360C-9C2F-4AEE-AE83-32A26CFB38B9-300x300.jpeg",300,300,true],"large":["https:\/\/fanbolerosec.com\/wp\/wp-content\/uploads\/2021\/01\/5D76360C-9C2F-4AEE-AE83-32A26CFB38B9.jpeg",750,748,false],"1536x1536":["https:\/\/fanbolerosec.com\/wp\/wp-content\/uploads\/2021\/01\/5D76360C-9C2F-4AEE-AE83-32A26CFB38B9.jpeg",750,748,false],"2048x2048":["https:\/\/fanbolerosec.com\/wp\/wp-content\/uploads\/2021\/01\/5D76360C-9C2F-4AEE-AE83-32A26CFB38B9.jpeg",750,748,false],"a13_navigation_image_size":["https:\/\/fanbolerosec.com\/wp\/wp-content\/uploads\/2021\/01\/5D76360C-9C2F-4AEE-AE83-32A26CFB38B9.jpeg",100,100,false],"profile_24":["https:\/\/fanbolerosec.com\/wp\/wp-content\/uploads\/2021\/01\/5D76360C-9C2F-4AEE-AE83-32A26CFB38B9.jpeg",24,24,false],"profile_48":["https:\/\/fanbolerosec.com\/wp\/wp-content\/uploads\/2021\/01\/5D76360C-9C2F-4AEE-AE83-32A26CFB38B9.jpeg",48,48,false],"profile_96":["https:\/\/fanbolerosec.com\/wp\/wp-content\/uploads\/2021\/01\/5D76360C-9C2F-4AEE-AE83-32A26CFB38B9.jpeg",96,96,false],"profile_150":["https:\/\/fanbolerosec.com\/wp\/wp-content\/uploads\/2021\/01\/5D76360C-9C2F-4AEE-AE83-32A26CFB38B9.jpeg",150,150,false],"profile_300":["https:\/\/fanbolerosec.com\/wp\/wp-content\/uploads\/2021\/01\/5D76360C-9C2F-4AEE-AE83-32A26CFB38B9.jpeg",300,300,false]},"rttpg_author":{"display_name":"FANBOLEROS EC","author_link":"https:\/\/fanbolerosec.com\/wp\/author\/fanbolerosec\/"},"rttpg_comment":0,"rttpg_category":"<a href=\"https:\/\/fanbolerosec.com\/wp\/category\/uncategorized\/\" rel=\"category tag\">General<\/a>","rttpg_excerpt":"Angelo Preciado, lateral derecho ecuatoriano que juega en el Genk de B\u00e9lgica, convers\u00f3 en Radio Huancavilca sobre su llegada al f\u00fatbol europeo, sus objetivos a futuro, y el buen rendimiento&hellip; Leer m\u00e1s","_links":{"self":[{"href":"https:\/\/fanbolerosec.com\/wp\/wp-json\/wp\/v2\/posts\/26398","targetHints":{"allow":["GET"]}}],"collection":[{"href":"https:\/\/fanbolerosec.com\/wp\/wp-json\/wp\/v2\/posts"}],"about":[{"href":"https:\/\/fanbolerosec.com\/wp\/wp-json\/wp\/v2\/types\/post"}],"author":[{"embeddable":true,"href":"https:\/\/fanbolerosec.com\/wp\/wp-json\/wp\/v2\/users\/5"}],"replies":[{"embeddable":true,"href":"https:\/\/fanbolerosec.com\/wp\/wp-json\/wp\/v2\/comments?post=26398"}],"version-history":[{"count":0,"href":"https:\/\/fanbolerosec.com\/wp\/wp-json\/wp\/v2\/posts\/26398\/revisions"}],"wp:featuredmedia":[{"embeddable":true,"href":"https:\/\/fanbolerosec.com\/wp\/wp-json\/wp\/v2\/media\/26399"}],"wp:attachment":[{"href":"https:\/\/fanbolerosec.com\/wp\/wp-json\/wp\/v2\/media?parent=26398"}],"wp:term":[{"taxonomy":"category","embeddable":true,"href":"https:\/\/fanbolerosec.com\/wp\/wp-json\/wp\/v2\/categories?post=26398"},{"taxonomy":"post_tag","embeddable":true,"href":"https:\/\/fanbolerosec.com\/wp\/wp-json\/wp\/v2\/tags?post=26398"}],"curies":[{"name":"wp","href":"https:\/\/api.w.org\/{rel}","templated":true}]}}