{"id":26435,"date":"2021-01-29T00:42:37","date_gmt":"2021-01-29T05:42:37","guid":{"rendered":"https:\/\/fanbolerosec.com\/wp\/?p=26435"},"modified":"2021-01-29T00:42:39","modified_gmt":"2021-01-29T05:42:39","slug":"en-bsc-habia-problemas-con-jonathan-alvez","status":"publish","type":"post","link":"https:\/\/fanbolerosec.com\/wp\/en-bsc-habia-problemas-con-jonathan-alvez\/","title":{"rendered":"En BSC, \u00bfhab\u00eda problemas con Jonathan \u00c1lvez?"},"content":{"rendered":"\n<p>El entrenador <strong>Fabi\u00e1n Bustos<\/strong>, en entrevista para <em>Directv Sports Ecuador<\/em>, reconoci\u00f3 que nunca tuvo conflicto con el delantero uruguayo <strong>Jonathan \u00c1lvez<\/strong>, que sali\u00f3 de <strong>Barcelona Sporting Club<\/strong> al finalizar la temporada anterior.<\/p>\n\n\n\n<p><strong>\u00abNunca fue un problema, el chico no es problem\u00e1tico, los problemas que el tiene son hacia el mismo porque el merma su rendimiento, por la edad o por problemas personales, con nosotros nunca tuvo un problema\u00bb<\/strong>, expres\u00f3 Bustos.<\/p>\n\n\n\n<p><strong>\u00abLa vez que lleg\u00f3 tarde al entrenamiento lo dejamos fuera de la nomina porque consideramos que era un falta de respeto para los chicos que tendr\u00edamos que sacar para que el vaya, el lo tom\u00f3 de muy buena manera\u00bb<\/strong>, sentenci\u00f3.<\/p>\n\n\n\n<p>Cabe recordar que \u2018El Loco\u2019 ahora juega para el <strong>Atl\u00e9tico Nacional de Colombia<\/strong>, donde lleva dos partidos jugados (sin goles).<\/p>\n\n\n\n<figure class=\"wp-block-embed is-type-rich is-provider-twitter wp-block-embed-twitter\"><div class=\"wp-block-embed__wrapper\">\n<blockquote class=\"twitter-tweet\" data-width=\"550\" data-dnt=\"true\"><p lang=\"es\" dir=\"ltr\">\u00bfSe convirti\u00f3 en un problema Jonathan <a href=\"https:\/\/twitter.com\/hashtag\/%C3%81lvez?src=hash&amp;ref_src=twsrc%5Etfw\">#\u00c1lvez<\/a> a la interna de <a href=\"https:\/\/twitter.com\/BarcelonaSC?ref_src=twsrc%5Etfw\">@BarcelonaSC<\/a>? \ud83e\uddd0<br><br>Esta fue la respuesta de <a href=\"https:\/\/twitter.com\/FabianBustosDT?ref_src=twsrc%5Etfw\">@FabianBustosDT<\/a> tras la interrogante de <a href=\"https:\/\/twitter.com\/DiegoArcos14?ref_src=twsrc%5Etfw\">@DiegoArcos14<\/a> \ud83d\udc47\ud83c\udffc\ud83d\udc47\ud83c\udffc.<a href=\"https:\/\/twitter.com\/hashtag\/DebateF%C3%BAtbolxDIRECTV?src=hash&amp;ref_src=twsrc%5Etfw\">#DebateF\u00fatbolxDIRECTV<\/a> <a href=\"https:\/\/t.co\/Xbl1BStEwF\">pic.twitter.com\/Xbl1BStEwF<\/a><\/p>&mdash; DIRECTV Ecuador (@DIRECTVEcuador) <a href=\"https:\/\/twitter.com\/DIRECTVEcuador\/status\/1354968034650304520?ref_src=twsrc%5Etfw\">January 29, 2021<\/a><\/blockquote><script async src=\"https:\/\/platform.twitter.com\/widgets.js\" charset=\"utf-8\"><\/script>\n<\/div><\/figure>\n\n\n\n<p><strong>Por: Sebasti\u00e1n D\u00e1valos A.<\/strong><\/p>\n","protected":false},"excerpt":{"rendered":"<p>El entrenador Fabi\u00e1n Bustos, en entrevista para Directv Sports Ecuador, reconoci\u00f3 que nunca tuvo conflicto con el delantero uruguayo Jonathan \u00c1lvez, que sali\u00f3 de Barcelona Sporting Club al finalizar la&hellip;<\/p>\n<p> <a class=\"more-link\" href=\"https:\/\/fanbolerosec.com\/wp\/en-bsc-habia-problemas-con-jonathan-alvez\/\">Leer m\u00e1s<\/a><\/p>\n","protected":false},"author":5,"featured_media":26436,"comment_status":"closed","ping_status":"closed","sticky":false,"template":"","format":"standard","meta":{"footnotes":""},"categories":[1],"tags":[],"class_list":{"0":"post-26435","1":"post","2":"type-post","3":"status-publish","4":"format-standard","5":"has-post-thumbnail","7":"category-uncategorized"},"rttpg_featured_image_url":{"full":["https:\/\/fanbolerosec.com\/wp\/wp-content\/uploads\/2021\/01\/EEBF4E94-389F-4016-B06E-81F55D1F9B57.jpeg",639,424,false],"landscape":["https:\/\/fanbolerosec.com\/wp\/wp-content\/uploads\/2021\/01\/EEBF4E94-389F-4016-B06E-81F55D1F9B57.jpeg",639,424,false],"portraits":["https:\/\/fanbolerosec.com\/wp\/wp-content\/uploads\/2021\/01\/EEBF4E94-389F-4016-B06E-81F55D1F9B57.jpeg",639,424,false],"thumbnail":["https:\/\/fanbolerosec.com\/wp\/wp-content\/uploads\/2021\/01\/EEBF4E94-389F-4016-B06E-81F55D1F9B57-150x150.jpeg",150,150,true],"medium":["https:\/\/fanbolerosec.com\/wp\/wp-content\/uploads\/2021\/01\/EEBF4E94-389F-4016-B06E-81F55D1F9B57-300x199.jpeg",300,199,true],"large":["https:\/\/fanbolerosec.com\/wp\/wp-content\/uploads\/2021\/01\/EEBF4E94-389F-4016-B06E-81F55D1F9B57.jpeg",639,424,false],"1536x1536":["https:\/\/fanbolerosec.com\/wp\/wp-content\/uploads\/2021\/01\/EEBF4E94-389F-4016-B06E-81F55D1F9B57.jpeg",639,424,false],"2048x2048":["https:\/\/fanbolerosec.com\/wp\/wp-content\/uploads\/2021\/01\/EEBF4E94-389F-4016-B06E-81F55D1F9B57.jpeg",639,424,false],"a13_navigation_image_size":["https:\/\/fanbolerosec.com\/wp\/wp-content\/uploads\/2021\/01\/EEBF4E94-389F-4016-B06E-81F55D1F9B57.jpeg",151,100,false],"profile_24":["https:\/\/fanbolerosec.com\/wp\/wp-content\/uploads\/2021\/01\/EEBF4E94-389F-4016-B06E-81F55D1F9B57.jpeg",24,16,false],"profile_48":["https:\/\/fanbolerosec.com\/wp\/wp-content\/uploads\/2021\/01\/EEBF4E94-389F-4016-B06E-81F55D1F9B57.jpeg",48,32,false],"profile_96":["https:\/\/fanbolerosec.com\/wp\/wp-content\/uploads\/2021\/01\/EEBF4E94-389F-4016-B06E-81F55D1F9B57.jpeg",96,64,false],"profile_150":["https:\/\/fanbolerosec.com\/wp\/wp-content\/uploads\/2021\/01\/EEBF4E94-389F-4016-B06E-81F55D1F9B57.jpeg",150,100,false],"profile_300":["https:\/\/fanbolerosec.com\/wp\/wp-content\/uploads\/2021\/01\/EEBF4E94-389F-4016-B06E-81F55D1F9B57.jpeg",300,199,false]},"rttpg_author":{"display_name":"FANBOLEROS EC","author_link":"https:\/\/fanbolerosec.com\/wp\/author\/fanbolerosec\/"},"rttpg_comment":0,"rttpg_category":"<a href=\"https:\/\/fanbolerosec.com\/wp\/category\/uncategorized\/\" rel=\"category tag\">General<\/a>","rttpg_excerpt":"El entrenador Fabi\u00e1n Bustos, en entrevista para Directv Sports Ecuador, reconoci\u00f3 que nunca tuvo conflicto con el delantero uruguayo Jonathan \u00c1lvez, que sali\u00f3 de Barcelona Sporting Club al finalizar la&hellip; Leer m\u00e1s","_links":{"self":[{"href":"https:\/\/fanbolerosec.com\/wp\/wp-json\/wp\/v2\/posts\/26435","targetHints":{"allow":["GET"]}}],"collection":[{"href":"https:\/\/fanbolerosec.com\/wp\/wp-json\/wp\/v2\/posts"}],"about":[{"href":"https:\/\/fanbolerosec.com\/wp\/wp-json\/wp\/v2\/types\/post"}],"author":[{"embeddable":true,"href":"https:\/\/fanbolerosec.com\/wp\/wp-json\/wp\/v2\/users\/5"}],"replies":[{"embeddable":true,"href":"https:\/\/fanbolerosec.com\/wp\/wp-json\/wp\/v2\/comments?post=26435"}],"version-history":[{"count":0,"href":"https:\/\/fanbolerosec.com\/wp\/wp-json\/wp\/v2\/posts\/26435\/revisions"}],"wp:featuredmedia":[{"embeddable":true,"href":"https:\/\/fanbolerosec.com\/wp\/wp-json\/wp\/v2\/media\/26436"}],"wp:attachment":[{"href":"https:\/\/fanbolerosec.com\/wp\/wp-json\/wp\/v2\/media?parent=26435"}],"wp:term":[{"taxonomy":"category","embeddable":true,"href":"https:\/\/fanbolerosec.com\/wp\/wp-json\/wp\/v2\/categories?post=26435"},{"taxonomy":"post_tag","embeddable":true,"href":"https:\/\/fanbolerosec.com\/wp\/wp-json\/wp\/v2\/tags?post=26435"}],"curies":[{"name":"wp","href":"https:\/\/api.w.org\/{rel}","templated":true}]}}