{"id":26459,"date":"2021-01-29T11:29:13","date_gmt":"2021-01-29T16:29:13","guid":{"rendered":"https:\/\/fanbolerosec.com\/wp\/?p=26459"},"modified":"2021-01-29T12:12:38","modified_gmt":"2021-01-29T17:12:38","slug":"jeison-chala-al-godoy-cruz-hay-acuerdo-verbal-faltan-detalles","status":"publish","type":"post","link":"https:\/\/fanbolerosec.com\/wp\/jeison-chala-al-godoy-cruz-hay-acuerdo-verbal-faltan-detalles\/","title":{"rendered":"\u00bfJeison Chal\u00e1 al Godoy Cruz?: \u00abHay acuerdo verbal&#8230; faltan detalles\u00bb"},"content":{"rendered":"\n<p><strong>Santiago Cattani<\/strong>, presidente de <strong>Universidad Cat\u00f3lica<\/strong>, confirm\u00f3 que el extremo ecuatoriano <strong>Jeison Chal\u00e1 <\/strong>jugar\u00e1 en <strong>Godoy Cruz <\/strong>del f\u00fatbol argentino.<\/p>\n\n\n\n<p><strong>\u00abLa negociaci\u00f3n de Jeison Chal\u00e1 es venta de los derechos deportivos, faltan detalles para que se concrete, Cat\u00f3lica se queda con el 30% de los derechos para su transferencia a Godoy Cruz\u00bb<\/strong>, explic\u00f3 Cattani en una entrevista para \u00c1rea Deportiva FM.<\/p>\n\n\n\n<p>Luego, agreg\u00f3: <strong>\u00abA eso le apostamos, quedarnos con un porcentaje de su pase, es un jugador que puede explotar, aqu\u00ed lo impulsamos para que siga su carrera, le dio mucho a Cat\u00f3lica\u00bb.<\/strong><\/p>\n\n\n\n<p>Finalmente, si pretenden buscar un reemplazo, afirm\u00f3: <strong>\u00abNo tenemos pensado en contratar un reemplazo de Chal\u00e1, lleg\u00f3 Alzugaray que puede ser usado en esa posici\u00f3n y Bruno Vides se desvincul\u00f3 del equipo\u00bb.<\/strong><\/p>\n\n\n\n<figure class=\"wp-block-embed is-type-rich is-provider-twitter wp-block-embed-twitter\"><div class=\"wp-block-embed__wrapper\">\n<blockquote class=\"twitter-tweet\" data-width=\"550\" data-dnt=\"true\"><p lang=\"es\" dir=\"ltr\">\ud83d\udea8Santiago Cattani, Presidente de <a href=\"https:\/\/twitter.com\/UCatolicaEC?ref_src=twsrc%5Etfw\">@UCatolicaEC<\/a>, en vivo por <a href=\"https:\/\/twitter.com\/AreaDeportivaFM?ref_src=twsrc%5Etfw\">@AreaDeportivaFM<\/a>:<br><br>\ud83d\udde3\u201dLa negociaci\u00f3n de Jeison Chal\u00e1 es venta de los derechos deportivos, faltan detalles para que se concrete, Cat\u00f3lica se queda con el 30% de los derechos para su transferencia a Godoy Cruz\u201d <a href=\"https:\/\/t.co\/rWgkhhbhFv\">pic.twitter.com\/rWgkhhbhFv<\/a><\/p>&mdash; \u00c1rea Deportiva FM \ud83d\udcfb\ud83c\udf99 (@AreaDeportivaFM) <a href=\"https:\/\/twitter.com\/AreaDeportivaFM\/status\/1355183307143720965?ref_src=twsrc%5Etfw\">January 29, 2021<\/a><\/blockquote><script async src=\"https:\/\/platform.twitter.com\/widgets.js\" charset=\"utf-8\"><\/script>\n<\/div><\/figure>\n\n\n\n<p><strong>Por: Sebasti\u00e1n D\u00e1valos A.<\/strong><\/p>\n","protected":false},"excerpt":{"rendered":"<p>Santiago Cattani, presidente de Universidad Cat\u00f3lica, confirm\u00f3 que el extremo ecuatoriano Jeison Chal\u00e1 jugar\u00e1 en Godoy Cruz del f\u00fatbol argentino. \u00abLa negociaci\u00f3n de Jeison Chal\u00e1 es venta de los derechos&hellip;<\/p>\n<p> <a class=\"more-link\" href=\"https:\/\/fanbolerosec.com\/wp\/jeison-chala-al-godoy-cruz-hay-acuerdo-verbal-faltan-detalles\/\">Leer m\u00e1s<\/a><\/p>\n","protected":false},"author":5,"featured_media":26464,"comment_status":"closed","ping_status":"closed","sticky":false,"template":"","format":"standard","meta":{"footnotes":""},"categories":[1],"tags":[],"class_list":{"0":"post-26459","1":"post","2":"type-post","3":"status-publish","4":"format-standard","5":"has-post-thumbnail","7":"category-uncategorized"},"rttpg_featured_image_url":{"full":["https:\/\/fanbolerosec.com\/wp\/wp-content\/uploads\/2021\/01\/05534719-1735-4176-AB73-EFE67F4E1868.jpeg",640,434,false],"landscape":["https:\/\/fanbolerosec.com\/wp\/wp-content\/uploads\/2021\/01\/05534719-1735-4176-AB73-EFE67F4E1868.jpeg",640,434,false],"portraits":["https:\/\/fanbolerosec.com\/wp\/wp-content\/uploads\/2021\/01\/05534719-1735-4176-AB73-EFE67F4E1868.jpeg",640,434,false],"thumbnail":["https:\/\/fanbolerosec.com\/wp\/wp-content\/uploads\/2021\/01\/05534719-1735-4176-AB73-EFE67F4E1868-150x150.jpeg",150,150,true],"medium":["https:\/\/fanbolerosec.com\/wp\/wp-content\/uploads\/2021\/01\/05534719-1735-4176-AB73-EFE67F4E1868-300x203.jpeg",300,203,true],"large":["https:\/\/fanbolerosec.com\/wp\/wp-content\/uploads\/2021\/01\/05534719-1735-4176-AB73-EFE67F4E1868.jpeg",640,434,false],"1536x1536":["https:\/\/fanbolerosec.com\/wp\/wp-content\/uploads\/2021\/01\/05534719-1735-4176-AB73-EFE67F4E1868.jpeg",640,434,false],"2048x2048":["https:\/\/fanbolerosec.com\/wp\/wp-content\/uploads\/2021\/01\/05534719-1735-4176-AB73-EFE67F4E1868.jpeg",640,434,false],"a13_navigation_image_size":["https:\/\/fanbolerosec.com\/wp\/wp-content\/uploads\/2021\/01\/05534719-1735-4176-AB73-EFE67F4E1868.jpeg",147,100,false],"profile_24":["https:\/\/fanbolerosec.com\/wp\/wp-content\/uploads\/2021\/01\/05534719-1735-4176-AB73-EFE67F4E1868.jpeg",24,16,false],"profile_48":["https:\/\/fanbolerosec.com\/wp\/wp-content\/uploads\/2021\/01\/05534719-1735-4176-AB73-EFE67F4E1868.jpeg",48,33,false],"profile_96":["https:\/\/fanbolerosec.com\/wp\/wp-content\/uploads\/2021\/01\/05534719-1735-4176-AB73-EFE67F4E1868.jpeg",96,65,false],"profile_150":["https:\/\/fanbolerosec.com\/wp\/wp-content\/uploads\/2021\/01\/05534719-1735-4176-AB73-EFE67F4E1868.jpeg",150,102,false],"profile_300":["https:\/\/fanbolerosec.com\/wp\/wp-content\/uploads\/2021\/01\/05534719-1735-4176-AB73-EFE67F4E1868.jpeg",300,203,false]},"rttpg_author":{"display_name":"FANBOLEROS EC","author_link":"https:\/\/fanbolerosec.com\/wp\/author\/fanbolerosec\/"},"rttpg_comment":0,"rttpg_category":"<a href=\"https:\/\/fanbolerosec.com\/wp\/category\/uncategorized\/\" rel=\"category tag\">General<\/a>","rttpg_excerpt":"Santiago Cattani, presidente de Universidad Cat\u00f3lica, confirm\u00f3 que el extremo ecuatoriano Jeison Chal\u00e1 jugar\u00e1 en Godoy Cruz del f\u00fatbol argentino. \u00abLa negociaci\u00f3n de Jeison Chal\u00e1 es venta de los derechos&hellip; Leer m\u00e1s","_links":{"self":[{"href":"https:\/\/fanbolerosec.com\/wp\/wp-json\/wp\/v2\/posts\/26459","targetHints":{"allow":["GET"]}}],"collection":[{"href":"https:\/\/fanbolerosec.com\/wp\/wp-json\/wp\/v2\/posts"}],"about":[{"href":"https:\/\/fanbolerosec.com\/wp\/wp-json\/wp\/v2\/types\/post"}],"author":[{"embeddable":true,"href":"https:\/\/fanbolerosec.com\/wp\/wp-json\/wp\/v2\/users\/5"}],"replies":[{"embeddable":true,"href":"https:\/\/fanbolerosec.com\/wp\/wp-json\/wp\/v2\/comments?post=26459"}],"version-history":[{"count":0,"href":"https:\/\/fanbolerosec.com\/wp\/wp-json\/wp\/v2\/posts\/26459\/revisions"}],"wp:featuredmedia":[{"embeddable":true,"href":"https:\/\/fanbolerosec.com\/wp\/wp-json\/wp\/v2\/media\/26464"}],"wp:attachment":[{"href":"https:\/\/fanbolerosec.com\/wp\/wp-json\/wp\/v2\/media?parent=26459"}],"wp:term":[{"taxonomy":"category","embeddable":true,"href":"https:\/\/fanbolerosec.com\/wp\/wp-json\/wp\/v2\/categories?post=26459"},{"taxonomy":"post_tag","embeddable":true,"href":"https:\/\/fanbolerosec.com\/wp\/wp-json\/wp\/v2\/tags?post=26459"}],"curies":[{"name":"wp","href":"https:\/\/api.w.org\/{rel}","templated":true}]}}