{"id":26465,"date":"2021-01-29T21:50:18","date_gmt":"2021-01-30T02:50:18","guid":{"rendered":"https:\/\/fanbolerosec.com\/wp\/?p=26465"},"modified":"2021-01-29T21:54:56","modified_gmt":"2021-01-30T02:54:56","slug":"estos-son-todos-los-nominados-a-los-premios-de-liga-pro-2020","status":"publish","type":"post","link":"https:\/\/fanbolerosec.com\/wp\/estos-son-todos-los-nominados-a-los-premios-de-liga-pro-2020\/","title":{"rendered":"Estos son todos los nominados a los premios de Liga Pro 2021"},"content":{"rendered":"\n<p>La <strong>Liga Pro <\/strong>dio a conocer los nominados a los sus premios (segunda edici\u00f3n) de la temporada 2020, que se entregar\u00e1n el pr\u00f3ximo martes 2 de febrero.<\/p>\n\n\n\n<h2 class=\"wp-block-heading\">Nominados \u2018El Pro\u2019 (Mejor Jugador del 2020)<\/h2>\n\n\n\n<figure class=\"wp-block-image size-large\"><img fetchpriority=\"high\" decoding=\"async\" width=\"1024\" height=\"1024\" src=\"https:\/\/fanbolerosec.com\/wp\/wp-content\/uploads\/2021\/01\/2BCF8AEE-0BC6-421F-AF7B-97925FF45495-1024x1024.jpeg\" alt=\"\" class=\"wp-image-26466\" srcset=\"https:\/\/fanbolerosec.com\/wp\/wp-content\/uploads\/2021\/01\/2BCF8AEE-0BC6-421F-AF7B-97925FF45495-1024x1024.jpeg 1024w, https:\/\/fanbolerosec.com\/wp\/wp-content\/uploads\/2021\/01\/2BCF8AEE-0BC6-421F-AF7B-97925FF45495-300x300.jpeg 300w, https:\/\/fanbolerosec.com\/wp\/wp-content\/uploads\/2021\/01\/2BCF8AEE-0BC6-421F-AF7B-97925FF45495-150x150.jpeg 150w\" sizes=\"(max-width: 1024px) 100vw, 1024px\" \/><\/figure>\n\n\n\n<p><em>Ganador 2019: Adri\u00e1n Gabbarini.<\/em><\/p>\n\n\n\n<h2 class=\"wp-block-heading\">Nominados a Mejor Arquero 2020<\/h2>\n\n\n\n<figure class=\"wp-block-image size-large\"><img decoding=\"async\" width=\"1024\" height=\"1024\" src=\"https:\/\/fanbolerosec.com\/wp\/wp-content\/uploads\/2021\/01\/0B8866FF-5C20-4559-BF3F-0FF81D55DF78-1024x1024.jpeg\" alt=\"\" class=\"wp-image-26467\" srcset=\"https:\/\/fanbolerosec.com\/wp\/wp-content\/uploads\/2021\/01\/0B8866FF-5C20-4559-BF3F-0FF81D55DF78-1024x1024.jpeg 1024w, https:\/\/fanbolerosec.com\/wp\/wp-content\/uploads\/2021\/01\/0B8866FF-5C20-4559-BF3F-0FF81D55DF78-300x300.jpeg 300w, https:\/\/fanbolerosec.com\/wp\/wp-content\/uploads\/2021\/01\/0B8866FF-5C20-4559-BF3F-0FF81D55DF78-150x150.jpeg 150w\" sizes=\"(max-width: 1024px) 100vw, 1024px\" \/><\/figure>\n\n\n\n<p><em>Ganador 2019: Adri\u00e1n Gabbarini.<\/em><\/p>\n\n\n\n<h2 class=\"wp-block-heading\">Nominados a Mejor Lateral Derecho<\/h2>\n\n\n\n<figure class=\"wp-block-image size-large\"><img decoding=\"async\" width=\"1024\" height=\"1024\" src=\"https:\/\/fanbolerosec.com\/wp\/wp-content\/uploads\/2021\/01\/9354FECA-8E31-4FAD-9098-3D87549785DE-1024x1024.jpeg\" alt=\"\" class=\"wp-image-26468\" srcset=\"https:\/\/fanbolerosec.com\/wp\/wp-content\/uploads\/2021\/01\/9354FECA-8E31-4FAD-9098-3D87549785DE-1024x1024.jpeg 1024w, https:\/\/fanbolerosec.com\/wp\/wp-content\/uploads\/2021\/01\/9354FECA-8E31-4FAD-9098-3D87549785DE-300x300.jpeg 300w, https:\/\/fanbolerosec.com\/wp\/wp-content\/uploads\/2021\/01\/9354FECA-8E31-4FAD-9098-3D87549785DE-150x150.jpeg 150w\" sizes=\"(max-width: 1024px) 100vw, 1024px\" \/><\/figure>\n\n\n\n<p><em>Ganador 2019: Pedro Pablo Perlaza.<\/em><\/p>\n\n\n\n<h2 class=\"wp-block-heading\">Nominados al Mejor Defensa Central<\/h2>\n\n\n\n<figure class=\"wp-block-image size-large\"><img loading=\"lazy\" decoding=\"async\" width=\"1024\" height=\"1024\" src=\"https:\/\/fanbolerosec.com\/wp\/wp-content\/uploads\/2021\/01\/4C39030C-D299-4FB7-B157-77484D0C3C2E-1024x1024.jpeg\" alt=\"\" class=\"wp-image-26469\" srcset=\"https:\/\/fanbolerosec.com\/wp\/wp-content\/uploads\/2021\/01\/4C39030C-D299-4FB7-B157-77484D0C3C2E-1024x1024.jpeg 1024w, https:\/\/fanbolerosec.com\/wp\/wp-content\/uploads\/2021\/01\/4C39030C-D299-4FB7-B157-77484D0C3C2E-300x300.jpeg 300w, https:\/\/fanbolerosec.com\/wp\/wp-content\/uploads\/2021\/01\/4C39030C-D299-4FB7-B157-77484D0C3C2E-150x150.jpeg 150w\" sizes=\"(max-width: 1024px) 100vw, 1024px\" \/><\/figure>\n\n\n\n<p><em>Ganador 2019: Williams Riveros.<\/em><\/p>\n\n\n\n<h2 class=\"wp-block-heading\">Nominados al Mejor Lateral Izquierdo<\/h2>\n\n\n\n<figure class=\"wp-block-image size-large\"><img loading=\"lazy\" decoding=\"async\" width=\"1024\" height=\"1024\" src=\"https:\/\/fanbolerosec.com\/wp\/wp-content\/uploads\/2021\/01\/96C4B66D-312C-4BAF-A86E-2CED19026FDE-1024x1024.jpeg\" alt=\"\" class=\"wp-image-26470\" srcset=\"https:\/\/fanbolerosec.com\/wp\/wp-content\/uploads\/2021\/01\/96C4B66D-312C-4BAF-A86E-2CED19026FDE-1024x1024.jpeg 1024w, https:\/\/fanbolerosec.com\/wp\/wp-content\/uploads\/2021\/01\/96C4B66D-312C-4BAF-A86E-2CED19026FDE-300x300.jpeg 300w, https:\/\/fanbolerosec.com\/wp\/wp-content\/uploads\/2021\/01\/96C4B66D-312C-4BAF-A86E-2CED19026FDE-150x150.jpeg 150w\" sizes=\"(max-width: 1024px) 100vw, 1024px\" \/><\/figure>\n\n\n\n<p><em>Ganador 2019: Luca Sosa.<\/em><\/p>\n\n\n\n<h2 class=\"wp-block-heading\">Nominados al Mejor Volante Defensivo<\/h2>\n\n\n\n<figure class=\"wp-block-image size-large\"><img loading=\"lazy\" decoding=\"async\" width=\"750\" height=\"922\" src=\"https:\/\/fanbolerosec.com\/wp\/wp-content\/uploads\/2021\/01\/C21718C9-688C-405A-96C3-931BF2991BC5-750x922.jpeg\" alt=\"\" class=\"wp-image-26472\"\/><\/figure>\n\n\n\n<p><em>Ganador 2019: Bruno Pi\u00f1atares.<\/em><\/p>\n\n\n\n<h2 class=\"wp-block-heading\">Nominados al Mejor Volante Ofensivo<\/h2>\n\n\n\n<figure class=\"wp-block-image size-large\"><img loading=\"lazy\" decoding=\"async\" width=\"750\" height=\"919\" src=\"https:\/\/fanbolerosec.com\/wp\/wp-content\/uploads\/2021\/01\/0CA3E844-D12B-40E1-8229-D696088B940C-750x919.jpeg\" alt=\"\" class=\"wp-image-26474\"\/><\/figure>\n\n\n\n<p><br><em>Ganador 2019: Joao Rojas.<\/em><\/p>\n\n\n\n<h2 class=\"wp-block-heading\">Nominados al Mejor Delantero<\/h2>\n\n\n\n<figure class=\"wp-block-image size-large\"><img loading=\"lazy\" decoding=\"async\" width=\"750\" height=\"930\" src=\"https:\/\/fanbolerosec.com\/wp\/wp-content\/uploads\/2021\/01\/421198CB-91E1-408B-9C6D-9B4D9B14E005-750x930.jpeg\" alt=\"\" class=\"wp-image-26476\"\/><\/figure>\n\n\n\n<p><em>Ganador 2019: Carlos Garc\u00e9s.<\/em><\/p>\n\n\n\n<h2 class=\"wp-block-heading\">Nominados a Mejor Entrenador<\/h2>\n\n\n\n<figure class=\"wp-block-image size-large\"><img loading=\"lazy\" decoding=\"async\" width=\"750\" height=\"925\" src=\"https:\/\/fanbolerosec.com\/wp\/wp-content\/uploads\/2021\/01\/6940BBDE-3933-4AB0-BE17-5B34562DE797-750x925.jpeg\" alt=\"\" class=\"wp-image-26477\"\/><\/figure>\n\n\n\n<p><em>Ganador 2019: Fabi\u00e1n Bustos.<\/em><\/p>\n\n\n\n<h2 class=\"wp-block-heading\">Nominados al Jugador Revelaci\u00f3n<\/h2>\n\n\n\n<figure class=\"wp-block-image size-large\"><img loading=\"lazy\" decoding=\"async\" width=\"750\" height=\"921\" src=\"https:\/\/fanbolerosec.com\/wp\/wp-content\/uploads\/2021\/01\/C61064BF-CE09-495B-8767-D3F384632AB6-750x921.jpeg\" alt=\"\" class=\"wp-image-26486\"\/><\/figure>\n\n\n\n<p><em>Ganador 2019: Alexander Alvarado.<\/em><\/p>\n\n\n\n<h2 class=\"wp-block-heading\">Nominados al Mejor Gol<\/h2>\n\n\n\n<figure class=\"wp-block-image size-large\"><img loading=\"lazy\" decoding=\"async\" width=\"750\" height=\"929\" src=\"https:\/\/fanbolerosec.com\/wp\/wp-content\/uploads\/2021\/01\/5960F94A-5F73-4F7D-BC0C-A41EEDF92734-750x929.jpeg\" alt=\"\" class=\"wp-image-26491\"\/><\/figure>\n\n\n\n<p><em>Ganador 2019: Fidel Mart\u00ednez.<\/em><\/p>\n\n\n\n<p>Adem\u00e1s, se conocer\u00e1 el <strong>11 ideal de la Liga Pro 2020<\/strong>, que ser\u00e1 conformado por los ganadores de cada categor\u00eda que incluya una posici\u00f3n en el campo.<\/p>\n\n\n\n<p><strong>El 11 ideal del 2019<\/strong> fue: <em>Adri\u00e1n Gabbarini; Pedro P. Perlaza, Williams Riveros, Mois\u00e9s Corozo, Luca Sosa; Bruno Pi\u00f1atares, Cristian Pellerano, Emmanuel Mart\u00ednez, Joao Rojas; Luis Amarilla, Carlos Garc\u00e9s.<\/em><\/p>\n\n\n\n<figure class=\"wp-block-embed is-type-rich is-provider-twitter wp-block-embed-twitter\"><div class=\"wp-block-embed__wrapper\">\n<blockquote class=\"twitter-tweet\" data-width=\"550\" data-dnt=\"true\"><p lang=\"es\" dir=\"ltr\">\ud83d\udccc Ya se conocen a todos los nominados en <a href=\"https:\/\/twitter.com\/hashtag\/ElPro?src=hash&amp;ref_src=twsrc%5Etfw\">#ElPro<\/a> <br><br>\u270d Puedes votar por tus favoritos en: <a href=\"https:\/\/t.co\/dbe7NwUYlF\">https:\/\/t.co\/dbe7NwUYlF<\/a> \ud83d\uddf3<a href=\"https:\/\/twitter.com\/hashtag\/LigaPro?src=hash&amp;ref_src=twsrc%5Etfw\">#LigaPro<\/a> <a href=\"https:\/\/twitter.com\/hashtag\/ElPro2021?src=hash&amp;ref_src=twsrc%5Etfw\">#ElPro2021<\/a> <a href=\"https:\/\/twitter.com\/hashtag\/LaNocheDeLosMejores?src=hash&amp;ref_src=twsrc%5Etfw\">#LaNocheDeLosMejores<\/a> <a href=\"https:\/\/t.co\/3XKXo1Orbk\">pic.twitter.com\/3XKXo1Orbk<\/a><\/p>&mdash; LigaPro (@LigaProEC) <a href=\"https:\/\/twitter.com\/LigaProEC\/status\/1355259914017509378?ref_src=twsrc%5Etfw\">January 29, 2021<\/a><\/blockquote><script async src=\"https:\/\/platform.twitter.com\/widgets.js\" charset=\"utf-8\"><\/script>\n<\/div><\/figure>\n\n\n\n<p><strong>Por: Sebasti\u00e1n D\u00e1valos A.<\/strong><\/p>\n","protected":false},"excerpt":{"rendered":"<p>La Liga Pro dio a conocer los nominados a los sus premios (segunda edici\u00f3n) de la temporada 2020, que se entregar\u00e1n el pr\u00f3ximo martes 2 de febrero. Nominados \u2018El Pro\u2019&hellip;<\/p>\n<p> <a class=\"more-link\" href=\"https:\/\/fanbolerosec.com\/wp\/estos-son-todos-los-nominados-a-los-premios-de-liga-pro-2020\/\">Leer m\u00e1s<\/a><\/p>\n","protected":false},"author":5,"featured_media":26489,"comment_status":"closed","ping_status":"closed","sticky":false,"template":"","format":"standard","meta":{"footnotes":""},"categories":[1],"tags":[],"class_list":{"0":"post-26465","1":"post","2":"type-post","3":"status-publish","4":"format-standard","5":"has-post-thumbnail","7":"category-uncategorized"},"rttpg_featured_image_url":{"full":["https:\/\/fanbolerosec.com\/wp\/wp-content\/uploads\/2021\/01\/44D717F9-D9D5-4035-BCDB-8C0994FC7073.jpeg",1024,1280,false],"landscape":["https:\/\/fanbolerosec.com\/wp\/wp-content\/uploads\/2021\/01\/44D717F9-D9D5-4035-BCDB-8C0994FC7073.jpeg",1024,1280,false],"portraits":["https:\/\/fanbolerosec.com\/wp\/wp-content\/uploads\/2021\/01\/44D717F9-D9D5-4035-BCDB-8C0994FC7073.jpeg",1024,1280,false],"thumbnail":["https:\/\/fanbolerosec.com\/wp\/wp-content\/uploads\/2021\/01\/44D717F9-D9D5-4035-BCDB-8C0994FC7073-150x150.jpeg",150,150,true],"medium":["https:\/\/fanbolerosec.com\/wp\/wp-content\/uploads\/2021\/01\/44D717F9-D9D5-4035-BCDB-8C0994FC7073-240x300.jpeg",240,300,true],"large":["https:\/\/fanbolerosec.com\/wp\/wp-content\/uploads\/2021\/01\/44D717F9-D9D5-4035-BCDB-8C0994FC7073-819x1024.jpeg",800,1000,true],"1536x1536":["https:\/\/fanbolerosec.com\/wp\/wp-content\/uploads\/2021\/01\/44D717F9-D9D5-4035-BCDB-8C0994FC7073.jpeg",1024,1280,false],"2048x2048":["https:\/\/fanbolerosec.com\/wp\/wp-content\/uploads\/2021\/01\/44D717F9-D9D5-4035-BCDB-8C0994FC7073.jpeg",1024,1280,false],"a13_navigation_image_size":["https:\/\/fanbolerosec.com\/wp\/wp-content\/uploads\/2021\/01\/44D717F9-D9D5-4035-BCDB-8C0994FC7073.jpeg",80,100,false],"profile_24":["https:\/\/fanbolerosec.com\/wp\/wp-content\/uploads\/2021\/01\/44D717F9-D9D5-4035-BCDB-8C0994FC7073.jpeg",19,24,false],"profile_48":["https:\/\/fanbolerosec.com\/wp\/wp-content\/uploads\/2021\/01\/44D717F9-D9D5-4035-BCDB-8C0994FC7073.jpeg",38,48,false],"profile_96":["https:\/\/fanbolerosec.com\/wp\/wp-content\/uploads\/2021\/01\/44D717F9-D9D5-4035-BCDB-8C0994FC7073.jpeg",77,96,false],"profile_150":["https:\/\/fanbolerosec.com\/wp\/wp-content\/uploads\/2021\/01\/44D717F9-D9D5-4035-BCDB-8C0994FC7073.jpeg",120,150,false],"profile_300":["https:\/\/fanbolerosec.com\/wp\/wp-content\/uploads\/2021\/01\/44D717F9-D9D5-4035-BCDB-8C0994FC7073.jpeg",240,300,false]},"rttpg_author":{"display_name":"FANBOLEROS EC","author_link":"https:\/\/fanbolerosec.com\/wp\/author\/fanbolerosec\/"},"rttpg_comment":0,"rttpg_category":"<a href=\"https:\/\/fanbolerosec.com\/wp\/category\/uncategorized\/\" rel=\"category tag\">General<\/a>","rttpg_excerpt":"La Liga Pro dio a conocer los nominados a los sus premios (segunda edici\u00f3n) de la temporada 2020, que se entregar\u00e1n el pr\u00f3ximo martes 2 de febrero. Nominados \u2018El Pro\u2019&hellip; Leer m\u00e1s","_links":{"self":[{"href":"https:\/\/fanbolerosec.com\/wp\/wp-json\/wp\/v2\/posts\/26465","targetHints":{"allow":["GET"]}}],"collection":[{"href":"https:\/\/fanbolerosec.com\/wp\/wp-json\/wp\/v2\/posts"}],"about":[{"href":"https:\/\/fanbolerosec.com\/wp\/wp-json\/wp\/v2\/types\/post"}],"author":[{"embeddable":true,"href":"https:\/\/fanbolerosec.com\/wp\/wp-json\/wp\/v2\/users\/5"}],"replies":[{"embeddable":true,"href":"https:\/\/fanbolerosec.com\/wp\/wp-json\/wp\/v2\/comments?post=26465"}],"version-history":[{"count":0,"href":"https:\/\/fanbolerosec.com\/wp\/wp-json\/wp\/v2\/posts\/26465\/revisions"}],"wp:featuredmedia":[{"embeddable":true,"href":"https:\/\/fanbolerosec.com\/wp\/wp-json\/wp\/v2\/media\/26489"}],"wp:attachment":[{"href":"https:\/\/fanbolerosec.com\/wp\/wp-json\/wp\/v2\/media?parent=26465"}],"wp:term":[{"taxonomy":"category","embeddable":true,"href":"https:\/\/fanbolerosec.com\/wp\/wp-json\/wp\/v2\/categories?post=26465"},{"taxonomy":"post_tag","embeddable":true,"href":"https:\/\/fanbolerosec.com\/wp\/wp-json\/wp\/v2\/tags?post=26465"}],"curies":[{"name":"wp","href":"https:\/\/api.w.org\/{rel}","templated":true}]}}