{"id":26500,"date":"2021-01-30T09:54:10","date_gmt":"2021-01-30T14:54:10","guid":{"rendered":"https:\/\/fanbolerosec.com\/wp\/?p=26500"},"modified":"2021-01-30T09:54:11","modified_gmt":"2021-01-30T14:54:11","slug":"atencion-gonzalo-plata-al-equipo-b-del-sporting-lisboa","status":"publish","type":"post","link":"https:\/\/fanbolerosec.com\/wp\/atencion-gonzalo-plata-al-equipo-b-del-sporting-lisboa\/","title":{"rendered":"\u00a1Atenci\u00f3n! Gonzalo Plata, al equipo B del Sporting Lisboa"},"content":{"rendered":"\n<p>Seg\u00fan el diario <em>A Bola<\/em>, el cuerpo t\u00e9cnico del <strong>Sporting Lisboa<\/strong> ha decidido que el extremo ecuatoriano, <strong>Gonzalo Plata<\/strong>, sea relegado al <strong>equipo B <\/strong>del club.<\/p>\n\n\n\n<p>Esta resoluci\u00f3n se habr\u00eda tomado tras la advertencia del entrenador <strong>Rub\u00e9n Amorim<\/strong> a sus futbolistas de que <strong>los jugadores entrenen y jueguen con el m\u00e1ximo compromiso para conseguir el objetivo de ganar la liga portuguesa<\/strong> (son l\u00edderes y le sacan 4 puntos a su perseguidor Porto), donde evidentemente se ha apuntado al joven tricolor.<\/p>\n\n\n\n<p>Incluso, el <strong>DT del conjunto luso considera que Plata a\u00fan no est\u00e1 listo para el plantel profesional<\/strong>, por lo que, espera un progreso en esta nueva aventura en el segundo equipo.<\/p>\n\n\n\n<p>Cabe recordar que el futuro del seleccionado nacional no est\u00e1 definido, ya que podr\u00eda salir cedido a otro club, como el <strong>C\u00e1diz de Espa\u00f1a o el R\u00edo Ave<\/strong> de la misma competencia portuguesa.<\/p>\n\n\n\n<p><strong>Por: Sebasti\u00e1n D\u00e1valos A.<\/strong><\/p>\n","protected":false},"excerpt":{"rendered":"<p>Seg\u00fan el diario A Bola, el cuerpo t\u00e9cnico del Sporting Lisboa ha decidido que el extremo ecuatoriano, Gonzalo Plata, sea relegado al equipo B del club. Esta resoluci\u00f3n se habr\u00eda&hellip;<\/p>\n<p> <a class=\"more-link\" href=\"https:\/\/fanbolerosec.com\/wp\/atencion-gonzalo-plata-al-equipo-b-del-sporting-lisboa\/\">Leer m\u00e1s<\/a><\/p>\n","protected":false},"author":5,"featured_media":26501,"comment_status":"closed","ping_status":"closed","sticky":false,"template":"","format":"standard","meta":{"footnotes":""},"categories":[1],"tags":[],"class_list":{"0":"post-26500","1":"post","2":"type-post","3":"status-publish","4":"format-standard","5":"has-post-thumbnail","7":"category-uncategorized"},"rttpg_featured_image_url":{"full":["https:\/\/fanbolerosec.com\/wp\/wp-content\/uploads\/2021\/01\/77E1DFC5-717F-4FEA-9FE1-D2655E4E6123.jpeg",700,402,false],"landscape":["https:\/\/fanbolerosec.com\/wp\/wp-content\/uploads\/2021\/01\/77E1DFC5-717F-4FEA-9FE1-D2655E4E6123.jpeg",700,402,false],"portraits":["https:\/\/fanbolerosec.com\/wp\/wp-content\/uploads\/2021\/01\/77E1DFC5-717F-4FEA-9FE1-D2655E4E6123.jpeg",700,402,false],"thumbnail":["https:\/\/fanbolerosec.com\/wp\/wp-content\/uploads\/2021\/01\/77E1DFC5-717F-4FEA-9FE1-D2655E4E6123-150x150.jpeg",150,150,true],"medium":["https:\/\/fanbolerosec.com\/wp\/wp-content\/uploads\/2021\/01\/77E1DFC5-717F-4FEA-9FE1-D2655E4E6123-300x172.jpeg",300,172,true],"large":["https:\/\/fanbolerosec.com\/wp\/wp-content\/uploads\/2021\/01\/77E1DFC5-717F-4FEA-9FE1-D2655E4E6123.jpeg",700,402,false],"1536x1536":["https:\/\/fanbolerosec.com\/wp\/wp-content\/uploads\/2021\/01\/77E1DFC5-717F-4FEA-9FE1-D2655E4E6123.jpeg",700,402,false],"2048x2048":["https:\/\/fanbolerosec.com\/wp\/wp-content\/uploads\/2021\/01\/77E1DFC5-717F-4FEA-9FE1-D2655E4E6123.jpeg",700,402,false],"a13_navigation_image_size":["https:\/\/fanbolerosec.com\/wp\/wp-content\/uploads\/2021\/01\/77E1DFC5-717F-4FEA-9FE1-D2655E4E6123.jpeg",174,100,false],"profile_24":["https:\/\/fanbolerosec.com\/wp\/wp-content\/uploads\/2021\/01\/77E1DFC5-717F-4FEA-9FE1-D2655E4E6123.jpeg",24,14,false],"profile_48":["https:\/\/fanbolerosec.com\/wp\/wp-content\/uploads\/2021\/01\/77E1DFC5-717F-4FEA-9FE1-D2655E4E6123.jpeg",48,28,false],"profile_96":["https:\/\/fanbolerosec.com\/wp\/wp-content\/uploads\/2021\/01\/77E1DFC5-717F-4FEA-9FE1-D2655E4E6123.jpeg",96,55,false],"profile_150":["https:\/\/fanbolerosec.com\/wp\/wp-content\/uploads\/2021\/01\/77E1DFC5-717F-4FEA-9FE1-D2655E4E6123.jpeg",150,86,false],"profile_300":["https:\/\/fanbolerosec.com\/wp\/wp-content\/uploads\/2021\/01\/77E1DFC5-717F-4FEA-9FE1-D2655E4E6123.jpeg",300,172,false]},"rttpg_author":{"display_name":"FANBOLEROS EC","author_link":"https:\/\/fanbolerosec.com\/wp\/author\/fanbolerosec\/"},"rttpg_comment":0,"rttpg_category":"<a href=\"https:\/\/fanbolerosec.com\/wp\/category\/uncategorized\/\" rel=\"category tag\">General<\/a>","rttpg_excerpt":"Seg\u00fan el diario A Bola, el cuerpo t\u00e9cnico del Sporting Lisboa ha decidido que el extremo ecuatoriano, Gonzalo Plata, sea relegado al equipo B del club. Esta resoluci\u00f3n se habr\u00eda&hellip; Leer m\u00e1s","_links":{"self":[{"href":"https:\/\/fanbolerosec.com\/wp\/wp-json\/wp\/v2\/posts\/26500","targetHints":{"allow":["GET"]}}],"collection":[{"href":"https:\/\/fanbolerosec.com\/wp\/wp-json\/wp\/v2\/posts"}],"about":[{"href":"https:\/\/fanbolerosec.com\/wp\/wp-json\/wp\/v2\/types\/post"}],"author":[{"embeddable":true,"href":"https:\/\/fanbolerosec.com\/wp\/wp-json\/wp\/v2\/users\/5"}],"replies":[{"embeddable":true,"href":"https:\/\/fanbolerosec.com\/wp\/wp-json\/wp\/v2\/comments?post=26500"}],"version-history":[{"count":0,"href":"https:\/\/fanbolerosec.com\/wp\/wp-json\/wp\/v2\/posts\/26500\/revisions"}],"wp:featuredmedia":[{"embeddable":true,"href":"https:\/\/fanbolerosec.com\/wp\/wp-json\/wp\/v2\/media\/26501"}],"wp:attachment":[{"href":"https:\/\/fanbolerosec.com\/wp\/wp-json\/wp\/v2\/media?parent=26500"}],"wp:term":[{"taxonomy":"category","embeddable":true,"href":"https:\/\/fanbolerosec.com\/wp\/wp-json\/wp\/v2\/categories?post=26500"},{"taxonomy":"post_tag","embeddable":true,"href":"https:\/\/fanbolerosec.com\/wp\/wp-json\/wp\/v2\/tags?post=26500"}],"curies":[{"name":"wp","href":"https:\/\/api.w.org\/{rel}","templated":true}]}}