{"id":26540,"date":"2021-02-01T12:19:58","date_gmt":"2021-02-01T17:19:58","guid":{"rendered":"https:\/\/fanbolerosec.com\/wp\/?p=26540"},"modified":"2021-02-01T12:20:01","modified_gmt":"2021-02-01T17:20:01","slug":"gabbarini-lo-advierte-en-otros-clubes-un-buen-ano-es-clasificar-a-sudamericana-para-nosotros-un-buen-ano-es-salir-campeones","status":"publish","type":"post","link":"https:\/\/fanbolerosec.com\/wp\/gabbarini-lo-advierte-en-otros-clubes-un-buen-ano-es-clasificar-a-sudamericana-para-nosotros-un-buen-ano-es-salir-campeones\/","title":{"rendered":"\u00a1Gabbarini lo advierte!: \u00abEn otros clubes un buen a\u00f1o es clasificar a Sudamericana, para nosotros un buen a\u00f1o es salir campeones\u00bb."},"content":{"rendered":"\n<p><strong>Adri\u00e1n Gabbarini<\/strong>, arquero de <strong>Liga Deportiva Universitaria de Quito<\/strong>, convers\u00f3 en una rueda de prensa virtual sobre el efecto de la final p\u00e9rdida ante <strong>BSC<\/strong> en el equipo, su nacionalizaci\u00f3n, y los objetivos del conjunto albo para esta temporada.<\/p>\n\n\n\n<p><strong>\u00abLiga significa mucho para mi, desde que llegue me hicieron sentir uno m\u00e1s del pa\u00eds. Sent\u00ed que no iba a ser un paso m\u00e1s sino que era un gran paso, Tengo 2 a\u00f1os de contrato con Liga, me estoy preparando para ser DT\u00bb<\/strong>, manifest\u00f3 el argentino sobre lo que significa el club y la obtenci\u00f3n de la nacionalidad ecuatoriana.<\/p>\n\n\n\n<p>Sobre la final del 2020, expres\u00f3: <strong>\u00abNo solo la gente est\u00e1 dolida por la final, para mi y nuestros compa\u00f1eros esto no solo es un trabajo, lo vivimos con pasi\u00f3n y entrega. Nos doli\u00f3 lo del 29 de diciembre pero no nos queda m\u00e1s que levantar la cabeza y salir adelante\u00bb.<\/strong><\/p>\n\n\n\n<p><strong>\u00abNos quedamos para demostrar que estamos a la altura del club. Venimos clasificando a Copa Libertadores de forma directa y sabemos que este club siempre tiene que estar ah\u00ed luchando por estar en la copa\u00bb<\/strong>, agreg\u00f3.<\/p>\n\n\n\n<p>Luego, advirti\u00f3: <strong>\u00abEn otros clubes un buen a\u00f1o es clasificar a Sudamericana, para nosotros un buen a\u00f1o es salir campeones. Vamos a trabajar para pelear este a\u00f1o el campeonato. Debemos cumplir peque\u00f1os objetivos para pelear por los retos grandes\u00bb.<\/strong><\/p>\n\n\n\n<p>Finalmente, habl\u00f3 si piensa retirarse en la \u2018U\u2019: <strong>\u00abNo puedo pensar en qu\u00e9 club me retirar\u00e9. A cualquier jugador le gustar\u00eda retirarse en un club como Liga. Pero eso est\u00e1 destinado para pocos, porque mientras m\u00e1s a\u00f1os tengas, mejor debes rendir para estar a la altura de los retos\u00bb.<\/strong><\/p>\n\n\n\n<figure class=\"wp-block-embed is-type-rich is-provider-twitter wp-block-embed-twitter\"><div class=\"wp-block-embed__wrapper\">\n<blockquote class=\"twitter-tweet\" data-width=\"550\" data-dnt=\"true\"><p lang=\"es\" dir=\"ltr\">Adri\u00e1n GABBARINI- <a href=\"https:\/\/twitter.com\/LDU_Oficial?ref_src=twsrc%5Etfw\">@LDU_Oficial<\/a> en rueda de prensa \u201cLiga significa mucho para mi, desde que llegue me hicieron sentir uno m\u00e1s del pa\u00eds. Sent\u00ed que no iba a ser un paso m\u00e1s sino que era un gran paso, Tengo 2 a\u00f1os de contrato con Liga, me estoy preparando para ser DT\u201d. <a href=\"https:\/\/t.co\/E1Y8AmJddG\">pic.twitter.com\/E1Y8AmJddG<\/a><\/p>&mdash; Fanboleros (@Fanboleros1) <a href=\"https:\/\/twitter.com\/Fanboleros1\/status\/1356286972545953795?ref_src=twsrc%5Etfw\">February 1, 2021<\/a><\/blockquote><script async src=\"https:\/\/platform.twitter.com\/widgets.js\" charset=\"utf-8\"><\/script>\n<\/div><\/figure>\n\n\n\n<p><strong>Por: Sebasti\u00e1n D\u00e1valos A.<\/strong><\/p>\n","protected":false},"excerpt":{"rendered":"<p>Adri\u00e1n Gabbarini, arquero de Liga Deportiva Universitaria de Quito, convers\u00f3 en una rueda de prensa virtual sobre el efecto de la final p\u00e9rdida ante BSC en el equipo, su nacionalizaci\u00f3n,&hellip;<\/p>\n<p> <a class=\"more-link\" href=\"https:\/\/fanbolerosec.com\/wp\/gabbarini-lo-advierte-en-otros-clubes-un-buen-ano-es-clasificar-a-sudamericana-para-nosotros-un-buen-ano-es-salir-campeones\/\">Leer m\u00e1s<\/a><\/p>\n","protected":false},"author":5,"featured_media":26541,"comment_status":"closed","ping_status":"closed","sticky":false,"template":"","format":"standard","meta":{"footnotes":""},"categories":[1],"tags":[],"class_list":{"0":"post-26540","1":"post","2":"type-post","3":"status-publish","4":"format-standard","5":"has-post-thumbnail","7":"category-uncategorized"},"rttpg_featured_image_url":{"full":["https:\/\/fanbolerosec.com\/wp\/wp-content\/uploads\/2021\/02\/B6130F23-73BF-493B-966F-BC1507089A50.jpeg",750,1073,false],"landscape":["https:\/\/fanbolerosec.com\/wp\/wp-content\/uploads\/2021\/02\/B6130F23-73BF-493B-966F-BC1507089A50.jpeg",750,1073,false],"portraits":["https:\/\/fanbolerosec.com\/wp\/wp-content\/uploads\/2021\/02\/B6130F23-73BF-493B-966F-BC1507089A50.jpeg",750,1073,false],"thumbnail":["https:\/\/fanbolerosec.com\/wp\/wp-content\/uploads\/2021\/02\/B6130F23-73BF-493B-966F-BC1507089A50-150x150.jpeg",150,150,true],"medium":["https:\/\/fanbolerosec.com\/wp\/wp-content\/uploads\/2021\/02\/B6130F23-73BF-493B-966F-BC1507089A50-210x300.jpeg",210,300,true],"large":["https:\/\/fanbolerosec.com\/wp\/wp-content\/uploads\/2021\/02\/B6130F23-73BF-493B-966F-BC1507089A50-716x1024.jpeg",716,1024,true],"1536x1536":["https:\/\/fanbolerosec.com\/wp\/wp-content\/uploads\/2021\/02\/B6130F23-73BF-493B-966F-BC1507089A50.jpeg",750,1073,false],"2048x2048":["https:\/\/fanbolerosec.com\/wp\/wp-content\/uploads\/2021\/02\/B6130F23-73BF-493B-966F-BC1507089A50.jpeg",750,1073,false],"a13_navigation_image_size":["https:\/\/fanbolerosec.com\/wp\/wp-content\/uploads\/2021\/02\/B6130F23-73BF-493B-966F-BC1507089A50.jpeg",70,100,false],"profile_24":["https:\/\/fanbolerosec.com\/wp\/wp-content\/uploads\/2021\/02\/B6130F23-73BF-493B-966F-BC1507089A50.jpeg",17,24,false],"profile_48":["https:\/\/fanbolerosec.com\/wp\/wp-content\/uploads\/2021\/02\/B6130F23-73BF-493B-966F-BC1507089A50.jpeg",34,48,false],"profile_96":["https:\/\/fanbolerosec.com\/wp\/wp-content\/uploads\/2021\/02\/B6130F23-73BF-493B-966F-BC1507089A50.jpeg",67,96,false],"profile_150":["https:\/\/fanbolerosec.com\/wp\/wp-content\/uploads\/2021\/02\/B6130F23-73BF-493B-966F-BC1507089A50.jpeg",105,150,false],"profile_300":["https:\/\/fanbolerosec.com\/wp\/wp-content\/uploads\/2021\/02\/B6130F23-73BF-493B-966F-BC1507089A50.jpeg",210,300,false]},"rttpg_author":{"display_name":"FANBOLEROS EC","author_link":"https:\/\/fanbolerosec.com\/wp\/author\/fanbolerosec\/"},"rttpg_comment":0,"rttpg_category":"<a href=\"https:\/\/fanbolerosec.com\/wp\/category\/uncategorized\/\" rel=\"category tag\">General<\/a>","rttpg_excerpt":"Adri\u00e1n Gabbarini, arquero de Liga Deportiva Universitaria de Quito, convers\u00f3 en una rueda de prensa virtual sobre el efecto de la final p\u00e9rdida ante BSC en el equipo, su nacionalizaci\u00f3n,&hellip; Leer m\u00e1s","_links":{"self":[{"href":"https:\/\/fanbolerosec.com\/wp\/wp-json\/wp\/v2\/posts\/26540","targetHints":{"allow":["GET"]}}],"collection":[{"href":"https:\/\/fanbolerosec.com\/wp\/wp-json\/wp\/v2\/posts"}],"about":[{"href":"https:\/\/fanbolerosec.com\/wp\/wp-json\/wp\/v2\/types\/post"}],"author":[{"embeddable":true,"href":"https:\/\/fanbolerosec.com\/wp\/wp-json\/wp\/v2\/users\/5"}],"replies":[{"embeddable":true,"href":"https:\/\/fanbolerosec.com\/wp\/wp-json\/wp\/v2\/comments?post=26540"}],"version-history":[{"count":0,"href":"https:\/\/fanbolerosec.com\/wp\/wp-json\/wp\/v2\/posts\/26540\/revisions"}],"wp:featuredmedia":[{"embeddable":true,"href":"https:\/\/fanbolerosec.com\/wp\/wp-json\/wp\/v2\/media\/26541"}],"wp:attachment":[{"href":"https:\/\/fanbolerosec.com\/wp\/wp-json\/wp\/v2\/media?parent=26540"}],"wp:term":[{"taxonomy":"category","embeddable":true,"href":"https:\/\/fanbolerosec.com\/wp\/wp-json\/wp\/v2\/categories?post=26540"},{"taxonomy":"post_tag","embeddable":true,"href":"https:\/\/fanbolerosec.com\/wp\/wp-json\/wp\/v2\/tags?post=26540"}],"curies":[{"name":"wp","href":"https:\/\/api.w.org\/{rel}","templated":true}]}}