{"id":26554,"date":"2021-02-01T16:43:23","date_gmt":"2021-02-01T21:43:23","guid":{"rendered":"https:\/\/fanbolerosec.com\/wp\/?p=26554"},"modified":"2021-02-01T16:43:24","modified_gmt":"2021-02-01T21:43:24","slug":"pablo-repetto-se-ha-avanzado-bastante-por-el-tema-de-anderson-julio","status":"publish","type":"post","link":"https:\/\/fanbolerosec.com\/wp\/pablo-repetto-se-ha-avanzado-bastante-por-el-tema-de-anderson-julio\/","title":{"rendered":"Pablo Repetto: \u00abSe ha avanzado bastante por el tema de Anderson Julio\u00bb"},"content":{"rendered":"\n<p><strong>Pablo Repetto<\/strong>, entrenador de <strong>Liga Deportiva Universitaria de Quito<\/strong>, asegur\u00f3 que est\u00e1 cerca el regreso de <strong>Anderson Julio<\/strong> al club. Adem\u00e1s, se refiri\u00f3 a otros posibles fichajes y a las posibles bajas para esta temporada.<\/p>\n\n\n\n<p><strong>\u00abS\u00e9 que se ha avanzado bastante por el tema de Anderson Julio pero todav\u00eda no hay confirmaci\u00f3n, es un jugador que viene y conoce todo, m\u00e1s que nadie. Calzar\u00eda muy bien en el equipo\u00bb<\/strong>, indic\u00f3 el estratega uruguayo.<\/p>\n\n\n\n<p>Luego, explic\u00f3:<strong> \u00abTenemos que definir con los directivos, el fichaje de Anderson hay que hablarlo con la directiva, nos hemos tomado tiempo para dar pasos seguros, no queremos cometer excesos con respeto a la plantilla\u00bb.<\/strong><\/p>\n\n\n\n<p>Tambi\u00e9n, Repetto revel\u00f3 que se ha comunicado con el jugador:<strong> \u00abHabl\u00e9 con Anderson Julio hace unos 10 d\u00edas, no he hablado recientemente, siguen las negociaciones entre los dirigentes, la idea es traerlo un a\u00f1o\u00bb.<\/strong><\/p>\n\n\n\n<p><strong>\u00abNosotros necesitamos un jugador de esas caracter\u00edsticas y Anderson Julio necesita m\u00e1s minutos\u00bb<\/strong>, agreg\u00f3.<\/p>\n\n\n\n<p>Sobre m\u00e1s fichajes, aclar\u00f3: <strong>\u00abSi se da la llegada de Anderson Julio seguiremos analizando el fichaje de otro jugador, seguimos analizando tambi\u00e9n lo de Carlos Rodr\u00edguez\u00bb.<\/strong><\/p>\n\n\n\n<p><strong>\u00abLo ideal ser\u00eda ya tener a todos los jugadores (refuerzos) pero entendemos las diferentes situaciones que se dan\u00bb<\/strong>, a\u00f1adi\u00f3.<\/p>\n\n\n\n<p>Sobre posibles bajas, manifest\u00f3: <strong>\u00abHay la posibilidad de que salga Nazareno (tercer arquero), la idea es que salga para tener minutos\u00bb.<\/strong><\/p>\n\n\n\n<p>Sobre la Supercopa Ecuador, afirm\u00f3: <strong>\u00abNuestras prioridades son Copa Libertadores y campeonato, si me daban a elegir a mi no hubiera jugador la s\u00faper copa Ecuador pero es una decisi\u00f3n del club, hay jugadores que siguen en recuperaci\u00f3n y no vamos a arriesgarlos\u00bb<\/strong>.<\/p>\n\n\n\n<p><strong>\u00abTenemos varios jugadores j\u00f3venes que est\u00e1n en el plantel para estos partidos, son chicos que est\u00e1n con nosotros y seguramente tendr\u00e1n minutos\u00bb<\/strong>, finaliz\u00f3.<\/p>\n\n\n\n<figure class=\"wp-block-embed is-type-rich is-provider-twitter wp-block-embed-twitter\"><div class=\"wp-block-embed__wrapper\">\n<blockquote class=\"twitter-tweet\" data-width=\"550\" data-dnt=\"true\"><p lang=\"es\" dir=\"ltr\">\ud83d\udea8Pablo Repetto, DT de <a href=\"https:\/\/twitter.com\/hashtag\/LDU?src=hash&amp;ref_src=twsrc%5Etfw\">#LDU<\/a> en vivo por <a href=\"https:\/\/twitter.com\/AreaDeportivaFM?ref_src=twsrc%5Etfw\">@AreaDeportivaFM<\/a>:<br><br>\ud83d\udde3\u201dS\u00e9 que se ha avanzado bastante por el tema de Anderson Julio pero todav\u00eda no hay confirmaci\u00f3n, es un jugador que viene y conoce todo, m\u00e1s que nadie. Calzar\u00eda muy bien en el equipo\u201d <a href=\"https:\/\/t.co\/aCUMYSx7hX\">pic.twitter.com\/aCUMYSx7hX<\/a><\/p>&mdash; \u00c1rea Deportiva FM \ud83d\udcfb\ud83c\udf99 (@AreaDeportivaFM) <a href=\"https:\/\/twitter.com\/AreaDeportivaFM\/status\/1356282057329156099?ref_src=twsrc%5Etfw\">February 1, 2021<\/a><\/blockquote><script async src=\"https:\/\/platform.twitter.com\/widgets.js\" charset=\"utf-8\"><\/script>\n<\/div><\/figure>\n\n\n\n<p><strong>Por: Sebasti\u00e1n D\u00e1valos A.<\/strong><\/p>\n","protected":false},"excerpt":{"rendered":"<p>Pablo Repetto, entrenador de Liga Deportiva Universitaria de Quito, asegur\u00f3 que est\u00e1 cerca el regreso de Anderson Julio al club. Adem\u00e1s, se refiri\u00f3 a otros posibles fichajes y a las&hellip;<\/p>\n<p> <a class=\"more-link\" href=\"https:\/\/fanbolerosec.com\/wp\/pablo-repetto-se-ha-avanzado-bastante-por-el-tema-de-anderson-julio\/\">Leer m\u00e1s<\/a><\/p>\n","protected":false},"author":5,"featured_media":26555,"comment_status":"closed","ping_status":"closed","sticky":false,"template":"","format":"standard","meta":{"footnotes":""},"categories":[1],"tags":[],"class_list":{"0":"post-26554","1":"post","2":"type-post","3":"status-publish","4":"format-standard","5":"has-post-thumbnail","7":"category-uncategorized"},"rttpg_featured_image_url":{"full":["https:\/\/fanbolerosec.com\/wp\/wp-content\/uploads\/2021\/02\/1EBB0AEA-68C0-4EF3-85F0-1CE684522B65.jpeg",659,411,false],"landscape":["https:\/\/fanbolerosec.com\/wp\/wp-content\/uploads\/2021\/02\/1EBB0AEA-68C0-4EF3-85F0-1CE684522B65.jpeg",659,411,false],"portraits":["https:\/\/fanbolerosec.com\/wp\/wp-content\/uploads\/2021\/02\/1EBB0AEA-68C0-4EF3-85F0-1CE684522B65.jpeg",659,411,false],"thumbnail":["https:\/\/fanbolerosec.com\/wp\/wp-content\/uploads\/2021\/02\/1EBB0AEA-68C0-4EF3-85F0-1CE684522B65-150x150.jpeg",150,150,true],"medium":["https:\/\/fanbolerosec.com\/wp\/wp-content\/uploads\/2021\/02\/1EBB0AEA-68C0-4EF3-85F0-1CE684522B65-300x187.jpeg",300,187,true],"large":["https:\/\/fanbolerosec.com\/wp\/wp-content\/uploads\/2021\/02\/1EBB0AEA-68C0-4EF3-85F0-1CE684522B65.jpeg",659,411,false],"1536x1536":["https:\/\/fanbolerosec.com\/wp\/wp-content\/uploads\/2021\/02\/1EBB0AEA-68C0-4EF3-85F0-1CE684522B65.jpeg",659,411,false],"2048x2048":["https:\/\/fanbolerosec.com\/wp\/wp-content\/uploads\/2021\/02\/1EBB0AEA-68C0-4EF3-85F0-1CE684522B65.jpeg",659,411,false],"a13_navigation_image_size":["https:\/\/fanbolerosec.com\/wp\/wp-content\/uploads\/2021\/02\/1EBB0AEA-68C0-4EF3-85F0-1CE684522B65.jpeg",160,100,false],"profile_24":["https:\/\/fanbolerosec.com\/wp\/wp-content\/uploads\/2021\/02\/1EBB0AEA-68C0-4EF3-85F0-1CE684522B65.jpeg",24,15,false],"profile_48":["https:\/\/fanbolerosec.com\/wp\/wp-content\/uploads\/2021\/02\/1EBB0AEA-68C0-4EF3-85F0-1CE684522B65.jpeg",48,30,false],"profile_96":["https:\/\/fanbolerosec.com\/wp\/wp-content\/uploads\/2021\/02\/1EBB0AEA-68C0-4EF3-85F0-1CE684522B65.jpeg",96,60,false],"profile_150":["https:\/\/fanbolerosec.com\/wp\/wp-content\/uploads\/2021\/02\/1EBB0AEA-68C0-4EF3-85F0-1CE684522B65.jpeg",150,94,false],"profile_300":["https:\/\/fanbolerosec.com\/wp\/wp-content\/uploads\/2021\/02\/1EBB0AEA-68C0-4EF3-85F0-1CE684522B65.jpeg",300,187,false]},"rttpg_author":{"display_name":"FANBOLEROS EC","author_link":"https:\/\/fanbolerosec.com\/wp\/author\/fanbolerosec\/"},"rttpg_comment":0,"rttpg_category":"<a href=\"https:\/\/fanbolerosec.com\/wp\/category\/uncategorized\/\" rel=\"category tag\">General<\/a>","rttpg_excerpt":"Pablo Repetto, entrenador de Liga Deportiva Universitaria de Quito, asegur\u00f3 que est\u00e1 cerca el regreso de Anderson Julio al club. Adem\u00e1s, se refiri\u00f3 a otros posibles fichajes y a las&hellip; Leer m\u00e1s","_links":{"self":[{"href":"https:\/\/fanbolerosec.com\/wp\/wp-json\/wp\/v2\/posts\/26554","targetHints":{"allow":["GET"]}}],"collection":[{"href":"https:\/\/fanbolerosec.com\/wp\/wp-json\/wp\/v2\/posts"}],"about":[{"href":"https:\/\/fanbolerosec.com\/wp\/wp-json\/wp\/v2\/types\/post"}],"author":[{"embeddable":true,"href":"https:\/\/fanbolerosec.com\/wp\/wp-json\/wp\/v2\/users\/5"}],"replies":[{"embeddable":true,"href":"https:\/\/fanbolerosec.com\/wp\/wp-json\/wp\/v2\/comments?post=26554"}],"version-history":[{"count":0,"href":"https:\/\/fanbolerosec.com\/wp\/wp-json\/wp\/v2\/posts\/26554\/revisions"}],"wp:featuredmedia":[{"embeddable":true,"href":"https:\/\/fanbolerosec.com\/wp\/wp-json\/wp\/v2\/media\/26555"}],"wp:attachment":[{"href":"https:\/\/fanbolerosec.com\/wp\/wp-json\/wp\/v2\/media?parent=26554"}],"wp:term":[{"taxonomy":"category","embeddable":true,"href":"https:\/\/fanbolerosec.com\/wp\/wp-json\/wp\/v2\/categories?post=26554"},{"taxonomy":"post_tag","embeddable":true,"href":"https:\/\/fanbolerosec.com\/wp\/wp-json\/wp\/v2\/tags?post=26554"}],"curies":[{"name":"wp","href":"https:\/\/api.w.org\/{rel}","templated":true}]}}