{"id":26582,"date":"2021-02-02T10:11:50","date_gmt":"2021-02-02T15:11:50","guid":{"rendered":"https:\/\/fanbolerosec.com\/wp\/?p=26582"},"modified":"2021-02-02T10:12:37","modified_gmt":"2021-02-02T15:12:37","slug":"la-tri-realizara-un-microciclo-con-jugadores-del-medio-local","status":"publish","type":"post","link":"https:\/\/fanbolerosec.com\/wp\/la-tri-realizara-un-microciclo-con-jugadores-del-medio-local\/","title":{"rendered":"La \u2018Tri\u2019 realizar\u00e1 un microciclo con jugadores del medio local"},"content":{"rendered":"\n<p><strong>Gabriel Weiner<\/strong>, secretario t\u00e9cnico de la <strong>Federaci\u00f3n Ecuatoriana de F\u00fatbol (FEF)<\/strong>, confirm\u00f3 que se realizar\u00e1 un microciclo con futbolistas del torneo local en la previa del regreso de la Selecci\u00f3n Nacional a las Eliminatorias Sudamericanas en marzo.<\/p>\n\n\n\n<p><strong>\u00abLa idea es realizar un microciclo, si es posible a fines de este mes, con jugadores del medio local. Estar\u00edamos pensando en realizar el microciclo (Selecci\u00f3n mayor) los d\u00edas 23 y 24 de febrero. Estos d\u00edas s\u00f3lo Universidad Cat\u00f3lica tendr\u00eda participaci\u00f3n en torneo internacional\u00bb<\/strong>, manifest\u00f3 Weiner en<em> El Canal del F\u00fatbol.<\/em><\/p>\n\n\n\n<p>Sobre el objetivo de la \u2018Tri\u2019 en este a\u00f1o 2021, coment\u00f3: <strong>\u00abEcuador siempre debe aspirar a lo m\u00e1ximo. Antes de la Copa Am\u00e9rica, tenemos 4 juegos de Eliminatorias. La cabeza y las fuerzas est\u00e1n puestas en el juego ante Venezuela (25 de marzo) y posterior al cotejo ante Chile (30 de marzo)\u00bb.<\/strong><\/p>\n\n\n\n<p><strong>\u00abEl objetivo debe ser llegar a los mundiales. Primero nos concentramos en el juego ante Venezuela. Estamos ac\u00e1 en Ecuador para tratar de darle orden e ideas, para ello me trajeron. Muy contento de poder estar en la Selecci\u00f3n Ecuatoriana\u00bb<\/strong>, agreg\u00f3.<\/p>\n\n\n\n<p>Sobre su comunicaci\u00f3n con los futbolistas tricolores, asegur\u00f3: <strong>\u00abNosotros en la Selecci\u00f3n hablamos constantemente con los jugadores (que militan en el f\u00fatbol del exterior). Charlamos con los jugadores j\u00f3venes que est\u00e1n pasando momentos nuevos afuera de su pa\u00eds para que sepan que la Selecci\u00f3n los est\u00e1 cobijando a ellos y se preocupa. Estamos d\u00eda a d\u00eda observando a los jugadores. No se deja nada suelto\u00bb.<\/strong><\/p>\n\n\n\n<p>Sobre la inclusi\u00f3n de juveniles en la Selecci\u00f3n Mayor, afirm\u00f3: <strong>\u00abSe arma un grupo de sparing (jugadores j\u00f3venes) preparado por el DT Jorge Celico para que est\u00e9n en la n\u00f3mina de convocados de la Selecci\u00f3n mayor y que ellos puedan agarrar experiencia\u00bb.<\/strong><\/p>\n\n\n\n<p>Finalmente, Wainer se refiri\u00f3 a la Selecci\u00f3n Femenina: <strong>\u00abEstamos trabajando mucho lo que es el f\u00fatbol femenino. En cada fecha FIFA intentaremos planificar juegos amistosos para el f\u00fatbol femenino de la Selecci\u00f3n Ecuatoriana\u00bb.<\/strong><\/p>\n\n\n\n<figure class=\"wp-block-embed is-type-rich is-provider-twitter wp-block-embed-twitter\"><div class=\"wp-block-embed__wrapper\">\n<blockquote class=\"twitter-tweet\" data-width=\"550\" data-dnt=\"true\"><p lang=\"es\" dir=\"ltr\">Gabriel Wainer. &quot;La idea es realizar un microciclo si es posible a fines de este mes,con jugadores del medio local&quot; <a href=\"https:\/\/twitter.com\/hashtag\/ECDF710?src=hash&amp;ref_src=twsrc%5Etfw\">#ECDF710<\/a><a href=\"https:\/\/twitter.com\/hashtag\/Ecuador?src=hash&amp;ref_src=twsrc%5Etfw\">#Ecuador<\/a> \ud83c\uddea\ud83c\udde8<\/p>&mdash; Mundo Deportivo EC (Desde \ud83c\udfe0) (@MundoDeporEC) <a href=\"https:\/\/twitter.com\/MundoDeporEC\/status\/1356611864533356550?ref_src=twsrc%5Etfw\">February 2, 2021<\/a><\/blockquote><script async src=\"https:\/\/platform.twitter.com\/widgets.js\" charset=\"utf-8\"><\/script>\n<\/div><\/figure>\n\n\n\n<p><strong>Por: Sebasti\u00e1n D\u00e1valos A.<\/strong><\/p>\n","protected":false},"excerpt":{"rendered":"<p>Gabriel Weiner, secretario t\u00e9cnico de la Federaci\u00f3n Ecuatoriana de F\u00fatbol (FEF), confirm\u00f3 que se realizar\u00e1 un microciclo con futbolistas del torneo local en la previa del regreso de la Selecci\u00f3n&hellip;<\/p>\n<p> <a class=\"more-link\" href=\"https:\/\/fanbolerosec.com\/wp\/la-tri-realizara-un-microciclo-con-jugadores-del-medio-local\/\">Leer m\u00e1s<\/a><\/p>\n","protected":false},"author":5,"featured_media":26583,"comment_status":"closed","ping_status":"closed","sticky":false,"template":"","format":"standard","meta":{"footnotes":""},"categories":[1],"tags":[],"class_list":{"0":"post-26582","1":"post","2":"type-post","3":"status-publish","4":"format-standard","5":"has-post-thumbnail","7":"category-uncategorized"},"rttpg_featured_image_url":{"full":["https:\/\/fanbolerosec.com\/wp\/wp-content\/uploads\/2021\/02\/30BFC6D6-E8ED-4670-858E-823653919595.jpeg",653,450,false],"landscape":["https:\/\/fanbolerosec.com\/wp\/wp-content\/uploads\/2021\/02\/30BFC6D6-E8ED-4670-858E-823653919595.jpeg",653,450,false],"portraits":["https:\/\/fanbolerosec.com\/wp\/wp-content\/uploads\/2021\/02\/30BFC6D6-E8ED-4670-858E-823653919595.jpeg",653,450,false],"thumbnail":["https:\/\/fanbolerosec.com\/wp\/wp-content\/uploads\/2021\/02\/30BFC6D6-E8ED-4670-858E-823653919595-150x150.jpeg",150,150,true],"medium":["https:\/\/fanbolerosec.com\/wp\/wp-content\/uploads\/2021\/02\/30BFC6D6-E8ED-4670-858E-823653919595-300x207.jpeg",300,207,true],"large":["https:\/\/fanbolerosec.com\/wp\/wp-content\/uploads\/2021\/02\/30BFC6D6-E8ED-4670-858E-823653919595.jpeg",653,450,false],"1536x1536":["https:\/\/fanbolerosec.com\/wp\/wp-content\/uploads\/2021\/02\/30BFC6D6-E8ED-4670-858E-823653919595.jpeg",653,450,false],"2048x2048":["https:\/\/fanbolerosec.com\/wp\/wp-content\/uploads\/2021\/02\/30BFC6D6-E8ED-4670-858E-823653919595.jpeg",653,450,false],"a13_navigation_image_size":["https:\/\/fanbolerosec.com\/wp\/wp-content\/uploads\/2021\/02\/30BFC6D6-E8ED-4670-858E-823653919595.jpeg",145,100,false],"profile_24":["https:\/\/fanbolerosec.com\/wp\/wp-content\/uploads\/2021\/02\/30BFC6D6-E8ED-4670-858E-823653919595.jpeg",24,17,false],"profile_48":["https:\/\/fanbolerosec.com\/wp\/wp-content\/uploads\/2021\/02\/30BFC6D6-E8ED-4670-858E-823653919595.jpeg",48,33,false],"profile_96":["https:\/\/fanbolerosec.com\/wp\/wp-content\/uploads\/2021\/02\/30BFC6D6-E8ED-4670-858E-823653919595.jpeg",96,66,false],"profile_150":["https:\/\/fanbolerosec.com\/wp\/wp-content\/uploads\/2021\/02\/30BFC6D6-E8ED-4670-858E-823653919595.jpeg",150,103,false],"profile_300":["https:\/\/fanbolerosec.com\/wp\/wp-content\/uploads\/2021\/02\/30BFC6D6-E8ED-4670-858E-823653919595.jpeg",300,207,false]},"rttpg_author":{"display_name":"FANBOLEROS EC","author_link":"https:\/\/fanbolerosec.com\/wp\/author\/fanbolerosec\/"},"rttpg_comment":0,"rttpg_category":"<a href=\"https:\/\/fanbolerosec.com\/wp\/category\/uncategorized\/\" rel=\"category tag\">General<\/a>","rttpg_excerpt":"Gabriel Weiner, secretario t\u00e9cnico de la Federaci\u00f3n Ecuatoriana de F\u00fatbol (FEF), confirm\u00f3 que se realizar\u00e1 un microciclo con futbolistas del torneo local en la previa del regreso de la Selecci\u00f3n&hellip; Leer m\u00e1s","_links":{"self":[{"href":"https:\/\/fanbolerosec.com\/wp\/wp-json\/wp\/v2\/posts\/26582","targetHints":{"allow":["GET"]}}],"collection":[{"href":"https:\/\/fanbolerosec.com\/wp\/wp-json\/wp\/v2\/posts"}],"about":[{"href":"https:\/\/fanbolerosec.com\/wp\/wp-json\/wp\/v2\/types\/post"}],"author":[{"embeddable":true,"href":"https:\/\/fanbolerosec.com\/wp\/wp-json\/wp\/v2\/users\/5"}],"replies":[{"embeddable":true,"href":"https:\/\/fanbolerosec.com\/wp\/wp-json\/wp\/v2\/comments?post=26582"}],"version-history":[{"count":0,"href":"https:\/\/fanbolerosec.com\/wp\/wp-json\/wp\/v2\/posts\/26582\/revisions"}],"wp:featuredmedia":[{"embeddable":true,"href":"https:\/\/fanbolerosec.com\/wp\/wp-json\/wp\/v2\/media\/26583"}],"wp:attachment":[{"href":"https:\/\/fanbolerosec.com\/wp\/wp-json\/wp\/v2\/media?parent=26582"}],"wp:term":[{"taxonomy":"category","embeddable":true,"href":"https:\/\/fanbolerosec.com\/wp\/wp-json\/wp\/v2\/categories?post=26582"},{"taxonomy":"post_tag","embeddable":true,"href":"https:\/\/fanbolerosec.com\/wp\/wp-json\/wp\/v2\/tags?post=26582"}],"curies":[{"name":"wp","href":"https:\/\/api.w.org\/{rel}","templated":true}]}}