{"id":26601,"date":"2021-02-02T11:35:12","date_gmt":"2021-02-02T16:35:12","guid":{"rendered":"https:\/\/fanbolerosec.com\/wp\/?p=26601"},"modified":"2021-02-02T11:35:14","modified_gmt":"2021-02-02T16:35:14","slug":"fef-y-cerveceria-nacional-presentaran-oficialmente-la-supercopa-pilsener-2021","status":"publish","type":"post","link":"https:\/\/fanbolerosec.com\/wp\/fef-y-cerveceria-nacional-presentaran-oficialmente-la-supercopa-pilsener-2021\/","title":{"rendered":"FEF y Cervecer\u00eda Nacional presentar\u00e1n oficialmente la Supercopa Pilsener 2021"},"content":{"rendered":"\n<p>El presidente de la <strong>Federaci\u00f3n Ecuatoriana de F\u00fatbol (FEF)<\/strong>, Ec. <strong>Francisco Egas Larre\u00e1tegui<\/strong>, y el Gerente de Marketing de <strong>Cervecer\u00eda Nacional<\/strong>, Ing. <strong>Eddy Cepeda<\/strong>, <strong>realizar\u00e1n hoy a partir de las 16h00 la presentaci\u00f3n oficial de la Supercopa Pilsener 2021 en rueda de prensa.<\/strong><\/p>\n\n\n\n<p>En el encuentro virtual con los representantes de los medios de comunicaci\u00f3n del pa\u00eds, los ejecutivos dar\u00e1n a conocer detalles de la organizaci\u00f3n de este torneo que marcar\u00e1 la primera gran consagraci\u00f3n de inicio de la temporada.<\/p>\n\n\n\n<p>La <strong>Supercopa Pilsener empezar\u00e1 el jueves 4 <\/strong>de febrero con el partido que protagonizar\u00e1n a las <strong>20h00 en el Estadio Ol\u00edmpico Atahualpa, Liga Deportiva Universitaria de Quito vs. Independiente del Valle.<\/strong><\/p>\n\n\n\n<p>El <strong>viernes 5 de febrero se medir\u00e1n Club Sport Emelec vs 9 de Octubre a las 20h00 en el Estadio Christian Ben\u00edtez Betancourt.<\/strong><\/p>\n\n\n\n<p>Los ganadores de ambas llaves disputar\u00e1n la <strong>final<\/strong> el <strong>mi\u00e9rcoles 10 de febrero a las 20h00<\/strong> en el<strong> Estadio Christian Ben\u00edtez<\/strong>, de Guayaquil.<\/p>\n\n\n\n<p><strong>Un d\u00eda antes, ser\u00e1 el encuentro por el tercer lugar a las 20h00 en el estadio Ol\u00edmpico Atahualpa.<\/strong><\/p>\n\n\n\n<p>La FEF y sus aliados estrat\u00e9gicos organizan este tipo de eventos para fomentar la competitividad del f\u00fatbol de nuestro pa\u00eds, respaldar econ\u00f3micamente a sus afiliados y brindar espect\u00e1culos deportivos de primer nivel a la afici\u00f3n.<\/p>\n\n\n\n<p><strong>Medios<\/strong><\/p>\n\n\n\n<p>La rueda de prensa ser\u00e1 transmitida por El Canal del F\u00fatbol y Facebook Live de la FEF.<\/p>\n\n\n\n<p><em><strong>Tomado de: Departamento de Comunicaci\u00f3n FEF<\/strong><\/em><\/p>\n\n\n\n<figure class=\"wp-block-embed is-type-rich is-provider-twitter wp-block-embed-twitter\"><div class=\"wp-block-embed__wrapper\">\n<blockquote class=\"twitter-tweet\" data-width=\"550\" data-dnt=\"true\"><p lang=\"es\" dir=\"ltr\">\ud83c\udfc6 \u00a1<a href=\"https:\/\/twitter.com\/hashtag\/SupercopaPilsener2021?src=hash&amp;ref_src=twsrc%5Etfw\">#SupercopaPilsener2021<\/a>: Presentaci\u00f3n oficial! <br><br>\ud83d\udcbb Todos los detalles de la primera competencia oficial de la temporada.<br><br>\ud83e\udd1d: <a href=\"https:\/\/twitter.com\/PilsenerEcuador?ref_src=twsrc%5Etfw\">@PilsenerEcuador<\/a> <br><br>\ud83c\udfa5Transmiten: Facebook Live <a href=\"https:\/\/twitter.com\/hashtag\/FEF?src=hash&amp;ref_src=twsrc%5Etfw\">#FEF<\/a> y <a href=\"https:\/\/twitter.com\/ElCanalDFutbol?ref_src=twsrc%5Etfw\">@ElCanalDFutbol<\/a> <br><br>\ud83d\udcdd M\u00e1s informaci\u00f3n: <a href=\"https:\/\/t.co\/sTwVxcHQGT\">https:\/\/t.co\/sTwVxcHQGT<\/a> <a href=\"https:\/\/t.co\/FaddDdYeOW\">pic.twitter.com\/FaddDdYeOW<\/a><\/p>&mdash; FEF \ud83c\uddea\ud83c\udde8 (@FEFecuador) <a href=\"https:\/\/twitter.com\/FEFecuador\/status\/1356637273543110656?ref_src=twsrc%5Etfw\">February 2, 2021<\/a><\/blockquote><script async src=\"https:\/\/platform.twitter.com\/widgets.js\" charset=\"utf-8\"><\/script>\n<\/div><\/figure>\n\n\n\n<p><strong>Por: Sebasti\u00e1n D\u00e1valos A.<\/strong><\/p>\n","protected":false},"excerpt":{"rendered":"<p>El presidente de la Federaci\u00f3n Ecuatoriana de F\u00fatbol (FEF), Ec. Francisco Egas Larre\u00e1tegui, y el Gerente de Marketing de Cervecer\u00eda Nacional, Ing. Eddy Cepeda, realizar\u00e1n hoy a partir de las&hellip;<\/p>\n<p> <a class=\"more-link\" href=\"https:\/\/fanbolerosec.com\/wp\/fef-y-cerveceria-nacional-presentaran-oficialmente-la-supercopa-pilsener-2021\/\">Leer m\u00e1s<\/a><\/p>\n","protected":false},"author":5,"featured_media":26602,"comment_status":"closed","ping_status":"closed","sticky":false,"template":"","format":"standard","meta":{"footnotes":""},"categories":[1],"tags":[],"class_list":{"0":"post-26601","1":"post","2":"type-post","3":"status-publish","4":"format-standard","5":"has-post-thumbnail","7":"category-uncategorized"},"rttpg_featured_image_url":{"full":["https:\/\/fanbolerosec.com\/wp\/wp-content\/uploads\/2021\/02\/BFC6F873-C991-4F12-A1BD-63A6FE2CA98E.jpeg",750,725,false],"landscape":["https:\/\/fanbolerosec.com\/wp\/wp-content\/uploads\/2021\/02\/BFC6F873-C991-4F12-A1BD-63A6FE2CA98E.jpeg",750,725,false],"portraits":["https:\/\/fanbolerosec.com\/wp\/wp-content\/uploads\/2021\/02\/BFC6F873-C991-4F12-A1BD-63A6FE2CA98E.jpeg",750,725,false],"thumbnail":["https:\/\/fanbolerosec.com\/wp\/wp-content\/uploads\/2021\/02\/BFC6F873-C991-4F12-A1BD-63A6FE2CA98E-150x150.jpeg",150,150,true],"medium":["https:\/\/fanbolerosec.com\/wp\/wp-content\/uploads\/2021\/02\/BFC6F873-C991-4F12-A1BD-63A6FE2CA98E-300x290.jpeg",300,290,true],"large":["https:\/\/fanbolerosec.com\/wp\/wp-content\/uploads\/2021\/02\/BFC6F873-C991-4F12-A1BD-63A6FE2CA98E.jpeg",750,725,false],"1536x1536":["https:\/\/fanbolerosec.com\/wp\/wp-content\/uploads\/2021\/02\/BFC6F873-C991-4F12-A1BD-63A6FE2CA98E.jpeg",750,725,false],"2048x2048":["https:\/\/fanbolerosec.com\/wp\/wp-content\/uploads\/2021\/02\/BFC6F873-C991-4F12-A1BD-63A6FE2CA98E.jpeg",750,725,false],"a13_navigation_image_size":["https:\/\/fanbolerosec.com\/wp\/wp-content\/uploads\/2021\/02\/BFC6F873-C991-4F12-A1BD-63A6FE2CA98E.jpeg",103,100,false],"profile_24":["https:\/\/fanbolerosec.com\/wp\/wp-content\/uploads\/2021\/02\/BFC6F873-C991-4F12-A1BD-63A6FE2CA98E.jpeg",24,24,false],"profile_48":["https:\/\/fanbolerosec.com\/wp\/wp-content\/uploads\/2021\/02\/BFC6F873-C991-4F12-A1BD-63A6FE2CA98E.jpeg",48,46,false],"profile_96":["https:\/\/fanbolerosec.com\/wp\/wp-content\/uploads\/2021\/02\/BFC6F873-C991-4F12-A1BD-63A6FE2CA98E.jpeg",96,93,false],"profile_150":["https:\/\/fanbolerosec.com\/wp\/wp-content\/uploads\/2021\/02\/BFC6F873-C991-4F12-A1BD-63A6FE2CA98E.jpeg",150,145,false],"profile_300":["https:\/\/fanbolerosec.com\/wp\/wp-content\/uploads\/2021\/02\/BFC6F873-C991-4F12-A1BD-63A6FE2CA98E.jpeg",300,290,false]},"rttpg_author":{"display_name":"FANBOLEROS EC","author_link":"https:\/\/fanbolerosec.com\/wp\/author\/fanbolerosec\/"},"rttpg_comment":0,"rttpg_category":"<a href=\"https:\/\/fanbolerosec.com\/wp\/category\/uncategorized\/\" rel=\"category tag\">General<\/a>","rttpg_excerpt":"El presidente de la Federaci\u00f3n Ecuatoriana de F\u00fatbol (FEF), Ec. Francisco Egas Larre\u00e1tegui, y el Gerente de Marketing de Cervecer\u00eda Nacional, Ing. Eddy Cepeda, realizar\u00e1n hoy a partir de las&hellip; Leer m\u00e1s","_links":{"self":[{"href":"https:\/\/fanbolerosec.com\/wp\/wp-json\/wp\/v2\/posts\/26601","targetHints":{"allow":["GET"]}}],"collection":[{"href":"https:\/\/fanbolerosec.com\/wp\/wp-json\/wp\/v2\/posts"}],"about":[{"href":"https:\/\/fanbolerosec.com\/wp\/wp-json\/wp\/v2\/types\/post"}],"author":[{"embeddable":true,"href":"https:\/\/fanbolerosec.com\/wp\/wp-json\/wp\/v2\/users\/5"}],"replies":[{"embeddable":true,"href":"https:\/\/fanbolerosec.com\/wp\/wp-json\/wp\/v2\/comments?post=26601"}],"version-history":[{"count":0,"href":"https:\/\/fanbolerosec.com\/wp\/wp-json\/wp\/v2\/posts\/26601\/revisions"}],"wp:featuredmedia":[{"embeddable":true,"href":"https:\/\/fanbolerosec.com\/wp\/wp-json\/wp\/v2\/media\/26602"}],"wp:attachment":[{"href":"https:\/\/fanbolerosec.com\/wp\/wp-json\/wp\/v2\/media?parent=26601"}],"wp:term":[{"taxonomy":"category","embeddable":true,"href":"https:\/\/fanbolerosec.com\/wp\/wp-json\/wp\/v2\/categories?post=26601"},{"taxonomy":"post_tag","embeddable":true,"href":"https:\/\/fanbolerosec.com\/wp\/wp-json\/wp\/v2\/tags?post=26601"}],"curies":[{"name":"wp","href":"https:\/\/api.w.org\/{rel}","templated":true}]}}