{"id":28337,"date":"2021-03-05T08:58:33","date_gmt":"2021-03-05T13:58:33","guid":{"rendered":"https:\/\/fanbolerosec.com\/wp\/?p=28337"},"modified":"2021-03-05T09:01:20","modified_gmt":"2021-03-05T14:01:20","slug":"juan-cruz-kaprof-repetto-me-ha-pedido-jugar-detras-del-9","status":"publish","type":"post","link":"https:\/\/fanbolerosec.com\/wp\/juan-cruz-kaprof-repetto-me-ha-pedido-jugar-detras-del-9\/","title":{"rendered":"Juan Cruz Kaprof: \u00abRepetto me ha pedido jugar detr\u00e1s del 9\u00bb"},"content":{"rendered":"\n<p><strong>Juan Cruz Kaprof<\/strong>, mediocampista ofensivo argentino de <strong>Liga Deportiva Universitaria de Quito<\/strong>, coment\u00f3 sobre su posible debut ante <strong>Universidad Cat\u00f3lica <\/strong>este <strong>s\u00e1bado a las 17h30<\/strong> en el <strong>Estadio Rodrigo Paz Delgado.<\/strong><\/p>\n\n\n\n<p><strong>\u00abEstoy ansioso y a disposici\u00f3n del t\u00e9cnico ahora que ya estoy inscrito. Tengo muchas ganas de poder aportar al equipo dentro del campo de juego\u00bb<\/strong>, expres\u00f3 el futbolista de 25 a\u00f1os en <em>Radio La Red.<\/em><\/p>\n\n\n\n<p><strong>Sobre su adaptaci\u00f3n a la altura y su condici\u00f3n f\u00edsica tras recuperarse de una lesi\u00f3n, indic\u00f3: <\/strong>\u00abTrato de no pensar en la altura, en lo f\u00edsico estoy mejor y en la carga del grupo ya estoy adaptado. Ya al debutar seguramente con rodaje estar\u00e9 mucho mejor y con ritmo de competencia\u00bb.<\/p>\n\n\n\n<p><strong>Sobre la posici\u00f3n que desempe\u00f1ar\u00e1 en el equipo de LDUQ, cont\u00f3: <\/strong>\u00abPablo (Repetto) me ha pedido jugar detr\u00e1s del 9 (mediocampista ofensivo, puesto ocupado por el titular Jhojan Julio). En el amistoso que jugamos y me toc\u00f3 convertir jugu\u00e9 en esa posici\u00f3n donde me siento c\u00f3modo\u00bb.<\/p>\n\n\n\n<p><strong>Sobre los objetivos del cuadro albo en esta temporada 2021, asegur\u00f3: <\/strong>\u00abEl estar en un equipo grande nos obliga a ganar siempre y ser campeones. As\u00ed vamos a encarar la temporada y nos trazamos siempre los m\u00e1s altos objetivos\u00bb.<\/p>\n\n\n\n<p><strong>Sobre sus habilidades futbol\u00edsticas, aclar\u00f3:<\/strong> \u00abNo me gusta hablar antes de los partidos, porque hay que hablar en la cancha con resultados, y ah\u00ed todos pueden tener un concepto m\u00e1s claro. Voy a dejar todo por la camiseta y aportar en lo futbol\u00edstico\u00bb.<\/p>\n\n\n\n<p><strong>Kaprof lleg\u00f3 del Lecco de la Serie C de Italia y firm\u00f3 por un a\u00f1o con LDUQ<\/strong>. Anteriormente, estuvo en clubes como <strong>River Plate (donde hizo sus inferiores)<\/strong>, Defensa y Justicia, Atl\u00e9tico Tucum\u00e1n, y FC Metz de la Primera Divisi\u00f3n de Francia.<\/p>\n\n\n\n<figure class=\"wp-block-embed is-type-rich is-provider-twitter wp-block-embed-twitter\"><div class=\"wp-block-embed__wrapper\">\n<blockquote class=\"twitter-tweet\" data-width=\"550\" data-dnt=\"true\"><p lang=\"es\" dir=\"ltr\">Juan Cruz Kaprof &#8211; <a href=\"https:\/\/twitter.com\/LDU_Oficial?ref_src=twsrc%5Etfw\">@LDU_Oficial<\/a>: \u201cPablo me ha pedido jugar detr\u00e1s del 9. En el amistoso que jugamos y me toc\u00f3 convertir jugu\u00e9 en esa posici\u00f3n donde me siento c\u00f3modo\u201d<a href=\"https:\/\/twitter.com\/hashtag\/LaPrimeraLuz?src=hash&amp;ref_src=twsrc%5Etfw\">#LaPrimeraLuz<\/a> \u2600\ufe0f<\/p>&mdash; Radio La Red 102.1FM (@LaRedEcuador) <a href=\"https:\/\/twitter.com\/LaRedEcuador\/status\/1367820523711913986?ref_src=twsrc%5Etfw\">March 5, 2021<\/a><\/blockquote><script async src=\"https:\/\/platform.twitter.com\/widgets.js\" charset=\"utf-8\"><\/script>\n<\/div><\/figure>\n\n\n\n<p><em>Foto: LDU Oficial.<\/em><\/p>\n\n\n\n<p><strong>Por: Sebasti\u00e1n D\u00e1valos A.<\/strong><\/p>\n","protected":false},"excerpt":{"rendered":"<p>Juan Cruz Kaprof, mediocampista ofensivo argentino de Liga Deportiva Universitaria de Quito, coment\u00f3 sobre su posible debut ante Universidad Cat\u00f3lica este s\u00e1bado a las 17h30 en el Estadio Rodrigo Paz&hellip;<\/p>\n<p> <a class=\"more-link\" href=\"https:\/\/fanbolerosec.com\/wp\/juan-cruz-kaprof-repetto-me-ha-pedido-jugar-detras-del-9\/\">Leer m\u00e1s<\/a><\/p>\n","protected":false},"author":5,"featured_media":28338,"comment_status":"closed","ping_status":"closed","sticky":false,"template":"","format":"standard","meta":{"footnotes":""},"categories":[1],"tags":[],"class_list":{"0":"post-28337","1":"post","2":"type-post","3":"status-publish","4":"format-standard","5":"has-post-thumbnail","7":"category-uncategorized"},"rttpg_featured_image_url":{"full":["https:\/\/fanbolerosec.com\/wp\/wp-content\/uploads\/2021\/03\/2AEEBFB2-B00C-4183-9E97-001162256006.jpeg",750,715,false],"landscape":["https:\/\/fanbolerosec.com\/wp\/wp-content\/uploads\/2021\/03\/2AEEBFB2-B00C-4183-9E97-001162256006.jpeg",750,715,false],"portraits":["https:\/\/fanbolerosec.com\/wp\/wp-content\/uploads\/2021\/03\/2AEEBFB2-B00C-4183-9E97-001162256006.jpeg",750,715,false],"thumbnail":["https:\/\/fanbolerosec.com\/wp\/wp-content\/uploads\/2021\/03\/2AEEBFB2-B00C-4183-9E97-001162256006-150x150.jpeg",150,150,true],"medium":["https:\/\/fanbolerosec.com\/wp\/wp-content\/uploads\/2021\/03\/2AEEBFB2-B00C-4183-9E97-001162256006-300x286.jpeg",300,286,true],"large":["https:\/\/fanbolerosec.com\/wp\/wp-content\/uploads\/2021\/03\/2AEEBFB2-B00C-4183-9E97-001162256006.jpeg",750,715,false],"1536x1536":["https:\/\/fanbolerosec.com\/wp\/wp-content\/uploads\/2021\/03\/2AEEBFB2-B00C-4183-9E97-001162256006.jpeg",750,715,false],"2048x2048":["https:\/\/fanbolerosec.com\/wp\/wp-content\/uploads\/2021\/03\/2AEEBFB2-B00C-4183-9E97-001162256006.jpeg",750,715,false],"a13_navigation_image_size":["https:\/\/fanbolerosec.com\/wp\/wp-content\/uploads\/2021\/03\/2AEEBFB2-B00C-4183-9E97-001162256006.jpeg",105,100,false],"profile_24":["https:\/\/fanbolerosec.com\/wp\/wp-content\/uploads\/2021\/03\/2AEEBFB2-B00C-4183-9E97-001162256006.jpeg",24,24,false],"profile_48":["https:\/\/fanbolerosec.com\/wp\/wp-content\/uploads\/2021\/03\/2AEEBFB2-B00C-4183-9E97-001162256006.jpeg",48,46,false],"profile_96":["https:\/\/fanbolerosec.com\/wp\/wp-content\/uploads\/2021\/03\/2AEEBFB2-B00C-4183-9E97-001162256006.jpeg",96,92,false],"profile_150":["https:\/\/fanbolerosec.com\/wp\/wp-content\/uploads\/2021\/03\/2AEEBFB2-B00C-4183-9E97-001162256006.jpeg",150,143,false],"profile_300":["https:\/\/fanbolerosec.com\/wp\/wp-content\/uploads\/2021\/03\/2AEEBFB2-B00C-4183-9E97-001162256006.jpeg",300,286,false]},"rttpg_author":{"display_name":"FANBOLEROS EC","author_link":"https:\/\/fanbolerosec.com\/wp\/author\/fanbolerosec\/"},"rttpg_comment":0,"rttpg_category":"<a href=\"https:\/\/fanbolerosec.com\/wp\/category\/uncategorized\/\" rel=\"category tag\">General<\/a>","rttpg_excerpt":"Juan Cruz Kaprof, mediocampista ofensivo argentino de Liga Deportiva Universitaria de Quito, coment\u00f3 sobre su posible debut ante Universidad Cat\u00f3lica este s\u00e1bado a las 17h30 en el Estadio Rodrigo Paz&hellip; Leer m\u00e1s","_links":{"self":[{"href":"https:\/\/fanbolerosec.com\/wp\/wp-json\/wp\/v2\/posts\/28337","targetHints":{"allow":["GET"]}}],"collection":[{"href":"https:\/\/fanbolerosec.com\/wp\/wp-json\/wp\/v2\/posts"}],"about":[{"href":"https:\/\/fanbolerosec.com\/wp\/wp-json\/wp\/v2\/types\/post"}],"author":[{"embeddable":true,"href":"https:\/\/fanbolerosec.com\/wp\/wp-json\/wp\/v2\/users\/5"}],"replies":[{"embeddable":true,"href":"https:\/\/fanbolerosec.com\/wp\/wp-json\/wp\/v2\/comments?post=28337"}],"version-history":[{"count":0,"href":"https:\/\/fanbolerosec.com\/wp\/wp-json\/wp\/v2\/posts\/28337\/revisions"}],"wp:featuredmedia":[{"embeddable":true,"href":"https:\/\/fanbolerosec.com\/wp\/wp-json\/wp\/v2\/media\/28338"}],"wp:attachment":[{"href":"https:\/\/fanbolerosec.com\/wp\/wp-json\/wp\/v2\/media?parent=28337"}],"wp:term":[{"taxonomy":"category","embeddable":true,"href":"https:\/\/fanbolerosec.com\/wp\/wp-json\/wp\/v2\/categories?post=28337"},{"taxonomy":"post_tag","embeddable":true,"href":"https:\/\/fanbolerosec.com\/wp\/wp-json\/wp\/v2\/tags?post=28337"}],"curies":[{"name":"wp","href":"https:\/\/api.w.org\/{rel}","templated":true}]}}