{"id":28378,"date":"2021-03-05T12:15:38","date_gmt":"2021-03-05T17:15:38","guid":{"rendered":"https:\/\/fanbolerosec.com\/wp\/?p=28378"},"modified":"2021-03-05T12:15:40","modified_gmt":"2021-03-05T17:15:40","slug":"novedades-bsc-pineida-puede-ser-titular-ante-gyc-y-hoyos-aun-no-esta-inscrito","status":"publish","type":"post","link":"https:\/\/fanbolerosec.com\/wp\/novedades-bsc-pineida-puede-ser-titular-ante-gyc-y-hoyos-aun-no-esta-inscrito\/","title":{"rendered":"Novedades BSC: Pineida puede ser titular ante GYC y Hoyos a\u00fan no est\u00e1 inscrito"},"content":{"rendered":"\n<p><strong>Fabi\u00e1n Bustos<\/strong>, entrenador de <strong>Barcelona Sporting Club<\/strong>, se refiri\u00f3 a las novedades de su plante de cara al pr\u00f3ximo partido ante <strong>Guayaquil City (domingo 18h00 en el Estadio Christian Ben\u00edtez)<\/strong>, por la tercera jornada de la primera fase de la Liga Pro 2021.<\/p>\n\n\n\n<p><strong>Guayaquil City \u00bfrival dif\u00edcil?: <\/strong>\u00abEllos no van a renunciar su modelo de juego y van a salir a proponer. Nosotros tambi\u00e9n queremos salir a buscar el resultado, ser\u00e1 un lindo partido\u00bb.<\/p>\n\n\n\n<p><strong>Mario Pineida y su recuperaci\u00f3n:<\/strong> \u00abHa trabajado bastante bien en la semana, le ha costado un poco, pero es normal. Ma\u00f1ana decidiremos si jugar\u00e1 de titular ante Guayaquil City\u00bb.<\/p>\n\n\n\n<p><strong>Sergio \u2018La M\u00e1quina\u2019 Quintero y su futuro: <\/strong>\u00abHoy le esta costando tener minutos, por la cantidad de jugadores que tenemos, se tomar\u00e1 una decisi\u00f3n acorde al equipo y al jugador\u00bb.<\/p>\n\n\n\n<p><strong>Michael Hoyos y la espera por su carta de naturalizaci\u00f3n como ecuatoriano para inscribirlo en el torneo: <\/strong>\u00abCumple con todos los requisitos para ser un ecuatoriano m\u00e1s, solo es mi opini\u00f3n, no soy quien para decidir ese tema. Michael ya lleva 5 a\u00f1os en Ecuador. Es jugador muy dedicado que trabaja d\u00eda a d\u00eda y quiere mucho al Ecuador\u00bb.<\/p>\n\n\n\n<p><strong>El rendimiento de Emmanuel Mart\u00ednez:<\/strong> \u00abMe gustan sus caracter\u00edsticas, es un jugador polifuncional, pero hoy tiene un poquito de ansiedad, pero debe seguir trabajando\u00bb.<\/p>\n\n\n\n<p><strong>Finalmente, la posible formaci\u00f3n para el domingo y si jugar\u00eda con dos delanteros centros: <\/strong>\u00abNo adelanto alineaciones, pero tampoco es descabellado jugar con dos nueves, ya lo hemos hecho antes\u00bb.<\/p>\n\n\n\n<figure class=\"wp-block-embed is-type-rich is-provider-twitter wp-block-embed-twitter\"><div class=\"wp-block-embed__wrapper\">\n<blockquote class=\"twitter-tweet\" data-width=\"550\" data-dnt=\"true\"><p lang=\"es\" dir=\"ltr\">\ud83c\udf99\ufe0f DT Fabi\u00e1n Bustos <br>\ud83d\udcac &quot;Como instituci\u00f3n grande Barcelona tiene la obligaci\u00f3n de proponer, City tendr\u00e1 espacios y nosotros m\u00e1s gente arriba, pero eso no quiere decir que no nos vayan a atacar&quot;<br>\ud83d\udd34 <a href=\"https:\/\/t.co\/JD7cuLmBYH\">https:\/\/t.co\/JD7cuLmBYH<\/a> <a href=\"https:\/\/t.co\/cuYtCE120H\">pic.twitter.com\/cuYtCE120H<\/a><\/p>&mdash; BARCELONA S.C. (@BarcelonaSC) <a href=\"https:\/\/twitter.com\/BarcelonaSC\/status\/1367876618241314816?ref_src=twsrc%5Etfw\">March 5, 2021<\/a><\/blockquote><script async src=\"https:\/\/platform.twitter.com\/widgets.js\" charset=\"utf-8\"><\/script>\n<\/div><\/figure>\n\n\n\n<p><em>Foto: Barcelona SC.<\/em><\/p>\n\n\n\n<p><strong>Por: Sebasti\u00e1n D\u00e1valos A.<\/strong><\/p>\n","protected":false},"excerpt":{"rendered":"<p>Fabi\u00e1n Bustos, entrenador de Barcelona Sporting Club, se refiri\u00f3 a las novedades de su plante de cara al pr\u00f3ximo partido ante Guayaquil City (domingo 18h00 en el Estadio Christian Ben\u00edtez),&hellip;<\/p>\n<p> <a class=\"more-link\" href=\"https:\/\/fanbolerosec.com\/wp\/novedades-bsc-pineida-puede-ser-titular-ante-gyc-y-hoyos-aun-no-esta-inscrito\/\">Leer m\u00e1s<\/a><\/p>\n","protected":false},"author":5,"featured_media":28379,"comment_status":"closed","ping_status":"closed","sticky":false,"template":"","format":"standard","meta":{"footnotes":""},"categories":[1],"tags":[],"class_list":{"0":"post-28378","1":"post","2":"type-post","3":"status-publish","4":"format-standard","5":"has-post-thumbnail","7":"category-uncategorized"},"rttpg_featured_image_url":{"full":["https:\/\/fanbolerosec.com\/wp\/wp-content\/uploads\/2021\/03\/C2904A97-877B-474E-ACA8-DDCE647B6F20.jpeg",750,461,false],"landscape":["https:\/\/fanbolerosec.com\/wp\/wp-content\/uploads\/2021\/03\/C2904A97-877B-474E-ACA8-DDCE647B6F20.jpeg",750,461,false],"portraits":["https:\/\/fanbolerosec.com\/wp\/wp-content\/uploads\/2021\/03\/C2904A97-877B-474E-ACA8-DDCE647B6F20.jpeg",750,461,false],"thumbnail":["https:\/\/fanbolerosec.com\/wp\/wp-content\/uploads\/2021\/03\/C2904A97-877B-474E-ACA8-DDCE647B6F20-150x150.jpeg",150,150,true],"medium":["https:\/\/fanbolerosec.com\/wp\/wp-content\/uploads\/2021\/03\/C2904A97-877B-474E-ACA8-DDCE647B6F20-300x184.jpeg",300,184,true],"large":["https:\/\/fanbolerosec.com\/wp\/wp-content\/uploads\/2021\/03\/C2904A97-877B-474E-ACA8-DDCE647B6F20.jpeg",750,461,false],"1536x1536":["https:\/\/fanbolerosec.com\/wp\/wp-content\/uploads\/2021\/03\/C2904A97-877B-474E-ACA8-DDCE647B6F20.jpeg",750,461,false],"2048x2048":["https:\/\/fanbolerosec.com\/wp\/wp-content\/uploads\/2021\/03\/C2904A97-877B-474E-ACA8-DDCE647B6F20.jpeg",750,461,false],"a13_navigation_image_size":["https:\/\/fanbolerosec.com\/wp\/wp-content\/uploads\/2021\/03\/C2904A97-877B-474E-ACA8-DDCE647B6F20.jpeg",163,100,false],"profile_24":["https:\/\/fanbolerosec.com\/wp\/wp-content\/uploads\/2021\/03\/C2904A97-877B-474E-ACA8-DDCE647B6F20.jpeg",24,15,false],"profile_48":["https:\/\/fanbolerosec.com\/wp\/wp-content\/uploads\/2021\/03\/C2904A97-877B-474E-ACA8-DDCE647B6F20.jpeg",48,30,false],"profile_96":["https:\/\/fanbolerosec.com\/wp\/wp-content\/uploads\/2021\/03\/C2904A97-877B-474E-ACA8-DDCE647B6F20.jpeg",96,59,false],"profile_150":["https:\/\/fanbolerosec.com\/wp\/wp-content\/uploads\/2021\/03\/C2904A97-877B-474E-ACA8-DDCE647B6F20.jpeg",150,92,false],"profile_300":["https:\/\/fanbolerosec.com\/wp\/wp-content\/uploads\/2021\/03\/C2904A97-877B-474E-ACA8-DDCE647B6F20.jpeg",300,184,false]},"rttpg_author":{"display_name":"FANBOLEROS EC","author_link":"https:\/\/fanbolerosec.com\/wp\/author\/fanbolerosec\/"},"rttpg_comment":0,"rttpg_category":"<a href=\"https:\/\/fanbolerosec.com\/wp\/category\/uncategorized\/\" rel=\"category tag\">General<\/a>","rttpg_excerpt":"Fabi\u00e1n Bustos, entrenador de Barcelona Sporting Club, se refiri\u00f3 a las novedades de su plante de cara al pr\u00f3ximo partido ante Guayaquil City (domingo 18h00 en el Estadio Christian Ben\u00edtez),&hellip; Leer m\u00e1s","_links":{"self":[{"href":"https:\/\/fanbolerosec.com\/wp\/wp-json\/wp\/v2\/posts\/28378","targetHints":{"allow":["GET"]}}],"collection":[{"href":"https:\/\/fanbolerosec.com\/wp\/wp-json\/wp\/v2\/posts"}],"about":[{"href":"https:\/\/fanbolerosec.com\/wp\/wp-json\/wp\/v2\/types\/post"}],"author":[{"embeddable":true,"href":"https:\/\/fanbolerosec.com\/wp\/wp-json\/wp\/v2\/users\/5"}],"replies":[{"embeddable":true,"href":"https:\/\/fanbolerosec.com\/wp\/wp-json\/wp\/v2\/comments?post=28378"}],"version-history":[{"count":0,"href":"https:\/\/fanbolerosec.com\/wp\/wp-json\/wp\/v2\/posts\/28378\/revisions"}],"wp:featuredmedia":[{"embeddable":true,"href":"https:\/\/fanbolerosec.com\/wp\/wp-json\/wp\/v2\/media\/28379"}],"wp:attachment":[{"href":"https:\/\/fanbolerosec.com\/wp\/wp-json\/wp\/v2\/media?parent=28378"}],"wp:term":[{"taxonomy":"category","embeddable":true,"href":"https:\/\/fanbolerosec.com\/wp\/wp-json\/wp\/v2\/categories?post=28378"},{"taxonomy":"post_tag","embeddable":true,"href":"https:\/\/fanbolerosec.com\/wp\/wp-json\/wp\/v2\/tags?post=28378"}],"curies":[{"name":"wp","href":"https:\/\/api.w.org\/{rel}","templated":true}]}}