{"id":49746,"date":"2024-04-10T19:10:40","date_gmt":"2024-04-11T00:10:40","guid":{"rendered":"https:\/\/fanbolerosec.com\/wp\/?p=49746"},"modified":"2024-04-10T19:10:41","modified_gmt":"2024-04-11T00:10:41","slug":"idv-supero-con-claridad-a-san-lorenzo-en-la-libertadores","status":"publish","type":"post","link":"https:\/\/fanbolerosec.com\/wp\/idv-supero-con-claridad-a-san-lorenzo-en-la-libertadores\/","title":{"rendered":"IDV super\u00f3 con claridad a San Lorenzo en la Libertadores"},"content":{"rendered":"\n<p>Independiente del Valle derrot\u00f3 2-0 a San Lorenzo y es el puntero moment\u00e1neo del Grupo F de la Copa Libertadores.<\/p>\n\n\n\n<p>Junior Sornoza desde el punto penal abri\u00f3 el marcador para los ecuatorianos, despu\u00e9s el jugador del equipo &#8216;negriazul&#8217; dej\u00f3 el campo de juego por una lesi\u00f3n. Michael Hoyos pondr\u00eda el segundo tanto, tras el VAR revisar y confirmar que la jugada era v\u00e1lida.<\/p>\n\n\n\n<p>El partido fue total dominio de IDV con un Kendry P\u00e1ez muy activo y un equipo argentino que tuvo nula reacci\u00f3n.<\/p>\n\n\n\n<p>Por ahora Independiente es puntero a la espera del duelo entre Palmeiras y Liverpool, el que se desarrollar\u00e1 ma\u00f1ana en Brasil.<\/p>\n","protected":false},"excerpt":{"rendered":"<p>Independiente del Valle derrot\u00f3 2-0 a San Lorenzo y es el puntero moment\u00e1neo del Grupo F de la Copa Libertadores. Junior Sornoza desde el punto penal abri\u00f3 el marcador para&hellip;<\/p>\n<p> <a class=\"more-link\" href=\"https:\/\/fanbolerosec.com\/wp\/idv-supero-con-claridad-a-san-lorenzo-en-la-libertadores\/\">Leer m\u00e1s<\/a><\/p>\n","protected":false},"author":5,"featured_media":49748,"comment_status":"closed","ping_status":"closed","sticky":false,"template":"","format":"standard","meta":{"footnotes":""},"categories":[1],"tags":[],"class_list":{"0":"post-49746","1":"post","2":"type-post","3":"status-publish","4":"format-standard","5":"has-post-thumbnail","7":"category-uncategorized"},"rttpg_featured_image_url":{"full":["https:\/\/fanbolerosec.com\/wp\/wp-content\/uploads\/2024\/04\/GK1kLdHW8AAYD23.jpeg",1024,682,false],"landscape":["https:\/\/fanbolerosec.com\/wp\/wp-content\/uploads\/2024\/04\/GK1kLdHW8AAYD23.jpeg",1024,682,false],"portraits":["https:\/\/fanbolerosec.com\/wp\/wp-content\/uploads\/2024\/04\/GK1kLdHW8AAYD23.jpeg",1024,682,false],"thumbnail":["https:\/\/fanbolerosec.com\/wp\/wp-content\/uploads\/2024\/04\/GK1kLdHW8AAYD23-150x150.jpeg",150,150,true],"medium":["https:\/\/fanbolerosec.com\/wp\/wp-content\/uploads\/2024\/04\/GK1kLdHW8AAYD23-300x200.jpeg",300,200,true],"large":["https:\/\/fanbolerosec.com\/wp\/wp-content\/uploads\/2024\/04\/GK1kLdHW8AAYD23.jpeg",800,533,false],"1536x1536":["https:\/\/fanbolerosec.com\/wp\/wp-content\/uploads\/2024\/04\/GK1kLdHW8AAYD23.jpeg",1024,682,false],"2048x2048":["https:\/\/fanbolerosec.com\/wp\/wp-content\/uploads\/2024\/04\/GK1kLdHW8AAYD23.jpeg",1024,682,false],"a13_navigation_image_size":["https:\/\/fanbolerosec.com\/wp\/wp-content\/uploads\/2024\/04\/GK1kLdHW8AAYD23-245x100.jpeg",245,100,true],"profile_24":["https:\/\/fanbolerosec.com\/wp\/wp-content\/uploads\/2024\/04\/GK1kLdHW8AAYD23-24x24.jpeg",24,24,true],"profile_48":["https:\/\/fanbolerosec.com\/wp\/wp-content\/uploads\/2024\/04\/GK1kLdHW8AAYD23-48x48.jpeg",48,48,true],"profile_96":["https:\/\/fanbolerosec.com\/wp\/wp-content\/uploads\/2024\/04\/GK1kLdHW8AAYD23-96x96.jpeg",96,96,true],"profile_150":["https:\/\/fanbolerosec.com\/wp\/wp-content\/uploads\/2024\/04\/GK1kLdHW8AAYD23-150x150.jpeg",150,150,true],"profile_300":["https:\/\/fanbolerosec.com\/wp\/wp-content\/uploads\/2024\/04\/GK1kLdHW8AAYD23-300x300.jpeg",300,300,true]},"rttpg_author":{"display_name":"FANBOLEROS EC","author_link":"https:\/\/fanbolerosec.com\/wp\/author\/fanbolerosec\/"},"rttpg_comment":0,"rttpg_category":"<a href=\"https:\/\/fanbolerosec.com\/wp\/category\/uncategorized\/\" rel=\"category tag\">General<\/a>","rttpg_excerpt":"Independiente del Valle derrot\u00f3 2-0 a San Lorenzo y es el puntero moment\u00e1neo del Grupo F de la Copa Libertadores. Junior Sornoza desde el punto penal abri\u00f3 el marcador para&hellip; Leer m\u00e1s","_links":{"self":[{"href":"https:\/\/fanbolerosec.com\/wp\/wp-json\/wp\/v2\/posts\/49746","targetHints":{"allow":["GET"]}}],"collection":[{"href":"https:\/\/fanbolerosec.com\/wp\/wp-json\/wp\/v2\/posts"}],"about":[{"href":"https:\/\/fanbolerosec.com\/wp\/wp-json\/wp\/v2\/types\/post"}],"author":[{"embeddable":true,"href":"https:\/\/fanbolerosec.com\/wp\/wp-json\/wp\/v2\/users\/5"}],"replies":[{"embeddable":true,"href":"https:\/\/fanbolerosec.com\/wp\/wp-json\/wp\/v2\/comments?post=49746"}],"version-history":[{"count":0,"href":"https:\/\/fanbolerosec.com\/wp\/wp-json\/wp\/v2\/posts\/49746\/revisions"}],"wp:featuredmedia":[{"embeddable":true,"href":"https:\/\/fanbolerosec.com\/wp\/wp-json\/wp\/v2\/media\/49748"}],"wp:attachment":[{"href":"https:\/\/fanbolerosec.com\/wp\/wp-json\/wp\/v2\/media?parent=49746"}],"wp:term":[{"taxonomy":"category","embeddable":true,"href":"https:\/\/fanbolerosec.com\/wp\/wp-json\/wp\/v2\/categories?post=49746"},{"taxonomy":"post_tag","embeddable":true,"href":"https:\/\/fanbolerosec.com\/wp\/wp-json\/wp\/v2\/tags?post=49746"}],"curies":[{"name":"wp","href":"https:\/\/api.w.org\/{rel}","templated":true}]}}