{"id":50576,"date":"2024-11-06T23:23:59","date_gmt":"2024-11-07T04:23:59","guid":{"rendered":"https:\/\/fanbolerosec.com\/wp\/?p=50576"},"modified":"2024-11-06T23:24:00","modified_gmt":"2024-11-07T04:24:00","slug":"emelec-analiza-jugar-con-juveniles-ante-macara","status":"publish","type":"post","link":"https:\/\/fanbolerosec.com\/wp\/emelec-analiza-jugar-con-juveniles-ante-macara\/","title":{"rendered":"EMELEC ANALIZA JUGAR CON JUVENILES ANTE MACAR\u00c1"},"content":{"rendered":"\n<p>La plantilla de Club Sport Emelec decidi\u00f3 no entrenar por nuevos incumplimientos y falta de pagos por parte de la directiva del elenco millonario.<\/p>\n\n\n\n<p>Los jugadores estuvieron presentes en el Polideportivo de Samanes, pero se retirar\u00edan posteriormente ante la problem\u00e1tica existente con los salarios.<\/p>\n\n\n\n<p><br>Los actuales dirigentes de elenco el\u00e9ctrico estar\u00edan contemplando la opci\u00f3n de jugar con juveniles en su duelo ante Macar\u00e1 en el Estadio Bellavista de Ambato.<\/p>\n\n\n\n<p>La informaci\u00f3n se conoci\u00f3 a trav\u00e9s de la colega Mayra Bayas. <\/p>\n\n\n\n<figure class=\"wp-block-embed is-type-rich is-provider-twitter wp-block-embed-twitter\"><div class=\"wp-block-embed__wrapper\">\nhttps:\/\/twitter.com\/zapping_ecu\/status\/1854323991521137062\n<\/div><\/figure>\n\n\n\n<p><\/p>\n","protected":false},"excerpt":{"rendered":"<p>La plantilla de Club Sport Emelec decidi\u00f3 no entrenar por nuevos incumplimientos y falta de pagos por parte de la directiva del elenco millonario. Los jugadores estuvieron presentes en el&hellip;<\/p>\n<p> <a class=\"more-link\" href=\"https:\/\/fanbolerosec.com\/wp\/emelec-analiza-jugar-con-juveniles-ante-macara\/\">Leer m\u00e1s<\/a><\/p>\n","protected":false},"author":4,"featured_media":50577,"comment_status":"closed","ping_status":"closed","sticky":false,"template":"","format":"standard","meta":{"footnotes":""},"categories":[1],"tags":[339],"class_list":{"0":"post-50576","1":"post","2":"type-post","3":"status-publish","4":"format-standard","5":"has-post-thumbnail","7":"category-uncategorized","8":"tag-jugadores"},"rttpg_featured_image_url":{"full":["https:\/\/fanbolerosec.com\/wp\/wp-content\/uploads\/2024\/11\/fd1061b0a5969349a5664399fc90ff1b.jpeg",640,423,false],"landscape":["https:\/\/fanbolerosec.com\/wp\/wp-content\/uploads\/2024\/11\/fd1061b0a5969349a5664399fc90ff1b.jpeg",640,423,false],"portraits":["https:\/\/fanbolerosec.com\/wp\/wp-content\/uploads\/2024\/11\/fd1061b0a5969349a5664399fc90ff1b.jpeg",640,423,false],"thumbnail":["https:\/\/fanbolerosec.com\/wp\/wp-content\/uploads\/2024\/11\/fd1061b0a5969349a5664399fc90ff1b-150x150.jpeg",150,150,true],"medium":["https:\/\/fanbolerosec.com\/wp\/wp-content\/uploads\/2024\/11\/fd1061b0a5969349a5664399fc90ff1b-300x198.jpeg",300,198,true],"large":["https:\/\/fanbolerosec.com\/wp\/wp-content\/uploads\/2024\/11\/fd1061b0a5969349a5664399fc90ff1b.jpeg",640,423,false],"1536x1536":["https:\/\/fanbolerosec.com\/wp\/wp-content\/uploads\/2024\/11\/fd1061b0a5969349a5664399fc90ff1b.jpeg",640,423,false],"2048x2048":["https:\/\/fanbolerosec.com\/wp\/wp-content\/uploads\/2024\/11\/fd1061b0a5969349a5664399fc90ff1b.jpeg",640,423,false],"a13_navigation_image_size":["https:\/\/fanbolerosec.com\/wp\/wp-content\/uploads\/2024\/11\/fd1061b0a5969349a5664399fc90ff1b-245x100.jpeg",245,100,true],"profile_24":["https:\/\/fanbolerosec.com\/wp\/wp-content\/uploads\/2024\/11\/fd1061b0a5969349a5664399fc90ff1b-24x24.jpeg",24,24,true],"profile_48":["https:\/\/fanbolerosec.com\/wp\/wp-content\/uploads\/2024\/11\/fd1061b0a5969349a5664399fc90ff1b-48x48.jpeg",48,48,true],"profile_96":["https:\/\/fanbolerosec.com\/wp\/wp-content\/uploads\/2024\/11\/fd1061b0a5969349a5664399fc90ff1b-96x96.jpeg",96,96,true],"profile_150":["https:\/\/fanbolerosec.com\/wp\/wp-content\/uploads\/2024\/11\/fd1061b0a5969349a5664399fc90ff1b-150x150.jpeg",150,150,true],"profile_300":["https:\/\/fanbolerosec.com\/wp\/wp-content\/uploads\/2024\/11\/fd1061b0a5969349a5664399fc90ff1b-300x300.jpeg",300,300,true]},"rttpg_author":{"display_name":"ESTEBAN PUENTE","author_link":"https:\/\/fanbolerosec.com\/wp\/author\/fanboleros\/"},"rttpg_comment":0,"rttpg_category":"<a href=\"https:\/\/fanbolerosec.com\/wp\/category\/uncategorized\/\" rel=\"category tag\">General<\/a>","rttpg_excerpt":"La plantilla de Club Sport Emelec decidi\u00f3 no entrenar por nuevos incumplimientos y falta de pagos por parte de la directiva del elenco millonario. Los jugadores estuvieron presentes en el&hellip; Leer m\u00e1s","_links":{"self":[{"href":"https:\/\/fanbolerosec.com\/wp\/wp-json\/wp\/v2\/posts\/50576","targetHints":{"allow":["GET"]}}],"collection":[{"href":"https:\/\/fanbolerosec.com\/wp\/wp-json\/wp\/v2\/posts"}],"about":[{"href":"https:\/\/fanbolerosec.com\/wp\/wp-json\/wp\/v2\/types\/post"}],"author":[{"embeddable":true,"href":"https:\/\/fanbolerosec.com\/wp\/wp-json\/wp\/v2\/users\/4"}],"replies":[{"embeddable":true,"href":"https:\/\/fanbolerosec.com\/wp\/wp-json\/wp\/v2\/comments?post=50576"}],"version-history":[{"count":0,"href":"https:\/\/fanbolerosec.com\/wp\/wp-json\/wp\/v2\/posts\/50576\/revisions"}],"wp:featuredmedia":[{"embeddable":true,"href":"https:\/\/fanbolerosec.com\/wp\/wp-json\/wp\/v2\/media\/50577"}],"wp:attachment":[{"href":"https:\/\/fanbolerosec.com\/wp\/wp-json\/wp\/v2\/media?parent=50576"}],"wp:term":[{"taxonomy":"category","embeddable":true,"href":"https:\/\/fanbolerosec.com\/wp\/wp-json\/wp\/v2\/categories?post=50576"},{"taxonomy":"post_tag","embeddable":true,"href":"https:\/\/fanbolerosec.com\/wp\/wp-json\/wp\/v2\/tags?post=50576"}],"curies":[{"name":"wp","href":"https:\/\/api.w.org\/{rel}","templated":true}]}}