{"id":51500,"date":"2026-04-26T15:27:11","date_gmt":"2026-04-26T20:27:11","guid":{"rendered":"https:\/\/fanbolerosec.com\/wp\/?p=51500"},"modified":"2026-04-26T15:27:13","modified_gmt":"2026-04-26T20:27:13","slug":"joel-ordonez-a-la-juventus-el-kaiser-ecuatoriano-llega-a-turin","status":"publish","type":"post","link":"https:\/\/fanbolerosec.com\/wp\/joel-ordonez-a-la-juventus-el-kaiser-ecuatoriano-llega-a-turin\/","title":{"rendered":"\u00a1Joel Ord\u00f3\u00f1ez a la Juventus! El \u00abKaiser\u00bb ecuatoriano llega a Tur\u00edn"},"content":{"rendered":"\n<p>La noticia del d\u00eda ha estallado: seg\u00fan reportes de ESPN y medios italianos, la Juventus de Tur\u00edn habr\u00eda concretado el fichaje del defensor tricolor Joel Ord\u00f3\u00f1ez por una cifra cercana a los USD 40 millones. Tras una temporada espectacular con el Club Brujas en B\u00e9lgica, el joven central de 22 a\u00f1os da el salto definitivo a uno de los gigantes de la Serie A<\/p>\n\n\n\n<figure class=\"wp-block-embed is-type-rich is-provider-twitter wp-block-embed-twitter\"><div class=\"wp-block-embed__wrapper\">\n<blockquote class=\"twitter-tweet\" data-width=\"550\" data-dnt=\"true\"><p lang=\"es\" dir=\"ltr\">En la transmisi\u00f3n de <a href=\"https:\/\/twitter.com\/espn?ref_src=twsrc%5Etfw\">@espn<\/a> del partido Mil\u00e1n vs Juventus, el relator <a href=\"https:\/\/twitter.com\/Jorge_BarriL?ref_src=twsrc%5Etfw\">@Jorge_BarriL<\/a> mencion\u00f3 que Joel Ord\u00f3\u00f1ez ser\u00e1 nuevo jugador de <a href=\"https:\/\/twitter.com\/juventusfc?ref_src=twsrc%5Etfw\">@juventusfc<\/a> despu\u00e9s del mundial. <br><br>El club italiano pagar\u00eda $ 40 millones de euros. <a href=\"https:\/\/t.co\/xbLpUeNtus\">pic.twitter.com\/xbLpUeNtus<\/a><\/p>&mdash; F\u00fatbolPasionWeb (@FutbolPasionWeb) <a href=\"https:\/\/twitter.com\/FutbolPasionWeb\/status\/2048497444506251443?ref_src=twsrc%5Etfw\">April 26, 2026<\/a><\/blockquote><script async src=\"https:\/\/platform.twitter.com\/widgets.js\" charset=\"utf-8\"><\/script>\n<\/div><\/figure>\n","protected":false},"excerpt":{"rendered":"<p>La noticia del d\u00eda ha estallado: seg\u00fan reportes de ESPN y medios italianos, la Juventus de Tur\u00edn habr\u00eda concretado el fichaje del defensor tricolor Joel Ord\u00f3\u00f1ez por una cifra cercana&hellip;<\/p>\n<p> <a class=\"more-link\" href=\"https:\/\/fanbolerosec.com\/wp\/joel-ordonez-a-la-juventus-el-kaiser-ecuatoriano-llega-a-turin\/\">Leer m\u00e1s<\/a><\/p>\n","protected":false},"author":4,"featured_media":51501,"comment_status":"closed","ping_status":"closed","sticky":false,"template":"","format":"standard","meta":{"footnotes":""},"categories":[1],"tags":[],"class_list":{"0":"post-51500","1":"post","2":"type-post","3":"status-publish","4":"format-standard","5":"has-post-thumbnail","7":"category-uncategorized"},"rttpg_featured_image_url":{"full":["https:\/\/fanbolerosec.com\/wp\/wp-content\/uploads\/2026\/04\/kdsjfjdsfdsf.jpg",1080,1350,false],"landscape":["https:\/\/fanbolerosec.com\/wp\/wp-content\/uploads\/2026\/04\/kdsjfjdsfdsf.jpg",1080,1350,false],"portraits":["https:\/\/fanbolerosec.com\/wp\/wp-content\/uploads\/2026\/04\/kdsjfjdsfdsf.jpg",1080,1350,false],"thumbnail":["https:\/\/fanbolerosec.com\/wp\/wp-content\/uploads\/2026\/04\/kdsjfjdsfdsf-150x150.jpg",150,150,true],"medium":["https:\/\/fanbolerosec.com\/wp\/wp-content\/uploads\/2026\/04\/kdsjfjdsfdsf-240x300.jpg",240,300,true],"large":["https:\/\/fanbolerosec.com\/wp\/wp-content\/uploads\/2026\/04\/kdsjfjdsfdsf-819x1024.jpg",800,1000,true],"1536x1536":["https:\/\/fanbolerosec.com\/wp\/wp-content\/uploads\/2026\/04\/kdsjfjdsfdsf.jpg",1080,1350,false],"2048x2048":["https:\/\/fanbolerosec.com\/wp\/wp-content\/uploads\/2026\/04\/kdsjfjdsfdsf.jpg",1080,1350,false],"a13_navigation_image_size":["https:\/\/fanbolerosec.com\/wp\/wp-content\/uploads\/2026\/04\/kdsjfjdsfdsf-245x100.jpg",245,100,true],"profile_24":["https:\/\/fanbolerosec.com\/wp\/wp-content\/uploads\/2026\/04\/kdsjfjdsfdsf-24x24.jpg",24,24,true],"profile_48":["https:\/\/fanbolerosec.com\/wp\/wp-content\/uploads\/2026\/04\/kdsjfjdsfdsf-48x48.jpg",48,48,true],"profile_96":["https:\/\/fanbolerosec.com\/wp\/wp-content\/uploads\/2026\/04\/kdsjfjdsfdsf-96x96.jpg",96,96,true],"profile_150":["https:\/\/fanbolerosec.com\/wp\/wp-content\/uploads\/2026\/04\/kdsjfjdsfdsf-150x150.jpg",150,150,true],"profile_300":["https:\/\/fanbolerosec.com\/wp\/wp-content\/uploads\/2026\/04\/kdsjfjdsfdsf-300x300.jpg",300,300,true]},"rttpg_author":{"display_name":"ESTEBAN PUENTE","author_link":"https:\/\/fanbolerosec.com\/wp\/author\/fanboleros\/"},"rttpg_comment":0,"rttpg_category":"<a href=\"https:\/\/fanbolerosec.com\/wp\/category\/uncategorized\/\" rel=\"category tag\">General<\/a>","rttpg_excerpt":"La noticia del d\u00eda ha estallado: seg\u00fan reportes de ESPN y medios italianos, la Juventus de Tur\u00edn habr\u00eda concretado el fichaje del defensor tricolor Joel Ord\u00f3\u00f1ez por una cifra cercana&hellip; Leer m\u00e1s","_links":{"self":[{"href":"https:\/\/fanbolerosec.com\/wp\/wp-json\/wp\/v2\/posts\/51500","targetHints":{"allow":["GET"]}}],"collection":[{"href":"https:\/\/fanbolerosec.com\/wp\/wp-json\/wp\/v2\/posts"}],"about":[{"href":"https:\/\/fanbolerosec.com\/wp\/wp-json\/wp\/v2\/types\/post"}],"author":[{"embeddable":true,"href":"https:\/\/fanbolerosec.com\/wp\/wp-json\/wp\/v2\/users\/4"}],"replies":[{"embeddable":true,"href":"https:\/\/fanbolerosec.com\/wp\/wp-json\/wp\/v2\/comments?post=51500"}],"version-history":[{"count":1,"href":"https:\/\/fanbolerosec.com\/wp\/wp-json\/wp\/v2\/posts\/51500\/revisions"}],"predecessor-version":[{"id":51502,"href":"https:\/\/fanbolerosec.com\/wp\/wp-json\/wp\/v2\/posts\/51500\/revisions\/51502"}],"wp:featuredmedia":[{"embeddable":true,"href":"https:\/\/fanbolerosec.com\/wp\/wp-json\/wp\/v2\/media\/51501"}],"wp:attachment":[{"href":"https:\/\/fanbolerosec.com\/wp\/wp-json\/wp\/v2\/media?parent=51500"}],"wp:term":[{"taxonomy":"category","embeddable":true,"href":"https:\/\/fanbolerosec.com\/wp\/wp-json\/wp\/v2\/categories?post=51500"},{"taxonomy":"post_tag","embeddable":true,"href":"https:\/\/fanbolerosec.com\/wp\/wp-json\/wp\/v2\/tags?post=51500"}],"curies":[{"name":"wp","href":"https:\/\/api.w.org\/{rel}","templated":true}]}}